{"id":967,"date":"2021-10-15T16:06:39","date_gmt":"2021-10-15T14:06:39","guid":{"rendered":"https:\/\/www.2em.ch\/blog\/?p=967"},"modified":"2021-10-15T16:06:39","modified_gmt":"2021-10-15T14:06:39","slug":"familien-roadtrip-in-der-schweiz-waehrend-der-sommermonate","status":"publish","type":"post","link":"https:\/\/www.2em.ch\/blog\/familien-roadtrip-in-der-schweiz-waehrend-der-sommermonate\/","title":{"rendered":"Familien-Roadtrip in der Schweiz w\u00e4hrend der Sommermonate"},"content":{"rendered":"<p><span style=\"font-weight: 400;\">Statt w\u00e4hrend des Sommers mit der Familie in die weite Ferne zu reisen, entdecken immer mehr Eltern die Sch\u00f6nheit der Nachbarl\u00e4nder und verbringen hier ihren sommerlichen Familienurlaub. Die Schweiz mit ihren schroffen Bergen, den idyllischen Seen, kleinen Gemeinden und spannenden Metropolen ist ideal f\u00fcr einen Roadtrip geeignet. Dank der abwechslungsreichen Landschaft und vielen touristischen Angebote kommt hier garantiert keine Langeweile w\u00e4hrend der Ferien auf.<\/span><!--more--><\/p>\n<h2><img loading=\"lazy\" class=\"aligncenter wp-image-968 size-full\" src=\"https:\/\/www.2em.ch\/blog\/wp-content\/uploads\/2021\/10\/alex-jumper-JgEtmgOjoew-unsplash.jpg\" alt=\"familien roadtrip\" width=\"640\" height=\"427\" srcset=\"https:\/\/www.2em.ch\/blog\/wp-content\/uploads\/2021\/10\/alex-jumper-JgEtmgOjoew-unsplash.jpg 640w, https:\/\/www.2em.ch\/blog\/wp-content\/uploads\/2021\/10\/alex-jumper-JgEtmgOjoew-unsplash-300x200.jpg 300w, https:\/\/www.2em.ch\/blog\/wp-content\/uploads\/2021\/10\/alex-jumper-JgEtmgOjoew-unsplash-500x333.jpg 500w\" sizes=\"(max-width: 640px) 100vw, 640px\" \/><\/h2>\n<h2><span style=\"font-weight: 400;\">Das passende Fahrzeug f\u00fcr einen Familien-Roadtrip durch die Schweiz<\/span><\/h2>\n<p><span style=\"font-weight: 400;\">Damit der Roadtrip durch die Schweiz komfortabel und sicher wird, darf ein geeignetes Fahrzeug nicht fehlen. \u00dcber unsere Angebote f\u00fcr Carsharing lassen sich zum Beispiel familienfreundliche <a href=\"https:\/\/de.2em.ch\/familienvan-mpv-mieten\">MPVs mieten<\/a>. Je nach Modell bieten sie Platz f\u00fcr bis zu sieben Personen und gro\u00dfz\u00fcgigen Stauraum f\u00fcr das Urlaubsgep\u00e4ck. Zu den bekanntesten Modellen unter den MPVs z\u00e4hlen der Volkswagen Sharan und der Renault Espace.\u00a0<\/span><\/p>\n<p>&nbsp;<\/p>\n<p><span style=\"font-weight: 400;\">Alternativ dazu eignen sich f\u00fcr den famili\u00e4ren Roadtrip in den Alpen auch gel\u00e4ndetaugliche SUVs. Mit ihnen ist das Befahren von unwegsamem Gel\u00e4nde ebenso m\u00f6glich, wie der Transport von gr\u00f6\u00dferen Gep\u00e4ckst\u00fccken. Familien k\u00f6nnen einen <a href=\"https:\/\/de.2em.ch\/suv-mieten\">SUV \u00fcber Carsharing g\u00fcnstig mieten<\/a> und damit ihren Roadtrip durch die Schweiz bestreiten. Unsere Carsharingangebote verteilen sich auf viele St\u00e4dte der Schweiz und begeistern durch g\u00fcnstige Mietkonditionen.<\/span><\/p>\n<h2><span style=\"font-weight: 400;\">M\u00f6gliche Ziele f\u00fcr Familien in der Schweiz<\/span><\/h2>\n<p><span style=\"font-weight: 400;\"><img loading=\"lazy\" class=\"alignleft wp-image-969 \" src=\"https:\/\/www.2em.ch\/blog\/wp-content\/uploads\/2021\/10\/juliette-f-OGA5m2heFFo-unsplash.jpg\" alt=\"roadtrip schweiz\" width=\"338\" height=\"507\" srcset=\"https:\/\/www.2em.ch\/blog\/wp-content\/uploads\/2021\/10\/juliette-f-OGA5m2heFFo-unsplash.jpg 640w, https:\/\/www.2em.ch\/blog\/wp-content\/uploads\/2021\/10\/juliette-f-OGA5m2heFFo-unsplash-200x300.jpg 200w\" sizes=\"(max-width: 338px) 100vw, 338px\" \/>Die Schweizer Alpen sind ein Paradies f\u00fcr alle Bergfreunde, denn hier begeistern schroffe Gipfel, idyllische Bergseen, weitl\u00e4ufige Almen und kleine Ortschaften, welche nicht von Urlaubern \u00fcberlaufen sind. <\/span><\/p>\n<p><span style=\"font-weight: 400;\">Der Natur ganz nah sein und dabei jede Menge Sehensw\u00fcrdigkeiten und Natursch\u00f6nheiten entdecken, das ist bei einem Roadtrip durch die Schweiz m\u00f6glich. <\/span><\/p>\n<p><span style=\"font-weight: 400;\">Je nach Alter der Kinder und vorhandenen Urlaubstagen bietet sich die Grand Tour of Switzerland als Strecke f\u00fcr einen Roadtrip an. <\/span><\/p>\n<p><span style=\"font-weight: 400;\">Hierbei kann selbstverst\u00e4ndlich auch nur ein Teil der zehn Etappen und rund 1.600 Kilometer befahren werden.\u00a0<\/span><\/p>\n<p>&nbsp;<\/p>\n<p><span style=\"font-weight: 400;\">Unterwegs passieren Urlauber 22 Seen, 12 UNESCO-Welterbe-St\u00e4tten, f\u00fcnf Alpenp\u00e4sse, zahlreiche Ortschaften und viele weitere Sehensw\u00fcrdigkeiten.<\/span><\/p>\n<p><span style=\"font-weight: 400;\"> Allerdings l\u00e4sst sich auch eine eigene Strecke f\u00fcr einen unvergesslichen Roadtrip mit der Familie durch die Schweiz zusammenstellen. Sie kann beispielsweise Highlights wie Grindelwald, den Thunersee, das Matterhorn, den Aletschgletscher und die Staubbachf\u00e4llen in Lauterbrunnen miteinander verbinden.\u00a0<\/span><\/p>\n<p>&nbsp;<\/p>\n<p><span style=\"font-weight: 400;\">Unterk\u00fcnfte finden sich \u00fcberall in der Schweiz in allen Preisklassen. Vom einfachen Campingplatz f\u00fcr eine \u00dcbernachtung im Familienzelt \u00fcber Ferienwohnungen bis hin zu Hotels und Pensionen reicht die gro\u00dfe Auswahl. <\/span><\/p>\n<p><span style=\"font-weight: 400;\">Gerade in kleineren Urlaubsorten ist es meistens auch m\u00f6glich, spontan einen Schlafplatz f\u00fcr eine Nacht zu finden, so dass man als Familie mehr Flexibilit\u00e4t bei der Gestaltung des Roadtrips hat.<\/span><\/p>\n","protected":false},"excerpt":{"rendered":"<p>Statt w\u00e4hrend des Sommers mit der Familie in die weite Ferne zu reisen, entdecken immer mehr Eltern die Sch\u00f6nheit der Nachbarl\u00e4nder und verbringen hier ihren sommerlichen Familienurlaub. Die Schweiz mit&#8230;<\/p>\n","protected":false},"author":11,"featured_media":968,"comment_status":"closed","ping_status":"closed","sticky":false,"template":"","format":"gallery","meta":[],"categories":[115],"tags":[],"yoast_head":"<!-- This site is optimized with the Yoast SEO plugin v19.9 - https:\/\/yoast.com\/wordpress\/plugins\/seo\/ -->\n<title>Familien-Roadtrip in der Schweiz w\u00e4hrend der Sommermonate - Blog<\/title>\n<meta name=\"robots\" content=\"index, follow, max-snippet:-1, max-image-preview:large, max-video-preview:-1\" \/>\n<link rel=\"canonical\" href=\"https:\/\/www.2em.ch\/blog\/familien-roadtrip-in-der-schweiz-waehrend-der-sommermonate\/\" \/>\n<meta property=\"og:locale\" content=\"fr_FR\" \/>\n<meta property=\"og:type\" content=\"article\" \/>\n<meta property=\"og:title\" content=\"Familien-Roadtrip in der Schweiz w\u00e4hrend der Sommermonate - Blog\" \/>\n<meta property=\"og:description\" content=\"Statt w\u00e4hrend des Sommers mit der Familie in die weite Ferne zu reisen, entdecken immer mehr Eltern die Sch\u00f6nheit der Nachbarl\u00e4nder und verbringen hier ihren sommerlichen Familienurlaub. Die Schweiz mit...\" \/>\n<meta property=\"og:url\" content=\"https:\/\/www.2em.ch\/blog\/familien-roadtrip-in-der-schweiz-waehrend-der-sommermonate\/\" \/>\n<meta property=\"og:site_name\" content=\"Blog\" \/>\n<meta property=\"article:published_time\" content=\"2021-10-15T14:06:39+00:00\" \/>\n<meta property=\"og:image\" content=\"https:\/\/www.2em.ch\/blog\/wp-content\/uploads\/2021\/10\/alex-jumper-JgEtmgOjoew-unsplash.jpg\" \/>\n\t<meta property=\"og:image:width\" content=\"640\" \/>\n\t<meta property=\"og:image:height\" content=\"427\" \/>\n\t<meta property=\"og:image:type\" content=\"image\/jpeg\" \/>\n<meta name=\"author\" content=\"Michael\" \/>\n<meta name=\"twitter:card\" content=\"summary_large_image\" \/>\n<meta name=\"twitter:label1\" content=\"\u00c9crit par\" \/>\n\t<meta name=\"twitter:data1\" content=\"Michael\" \/>\n\t<meta name=\"twitter:label2\" content=\"Dur\u00e9e de lecture estim\u00e9e\" \/>\n\t<meta name=\"twitter:data2\" content=\"2 minutes\" \/>\n<script type=\"application\/ld+json\" class=\"yoast-schema-graph\">{\"@context\":\"https:\/\/schema.org\",\"@graph\":[{\"@type\":\"Article\",\"@id\":\"https:\/\/www.2em.ch\/blog\/familien-roadtrip-in-der-schweiz-waehrend-der-sommermonate\/#article\",\"isPartOf\":{\"@id\":\"https:\/\/www.2em.ch\/blog\/familien-roadtrip-in-der-schweiz-waehrend-der-sommermonate\/\"},\"author\":{\"name\":\"Michael\",\"@id\":\"https:\/\/www.2em.ch\/blog\/#\/schema\/person\/35abc3aa6d312e96aeab72169c4eb27a\"},\"headline\":\"Familien-Roadtrip in der Schweiz w\u00e4hrend der Sommermonate\",\"datePublished\":\"2021-10-15T14:06:39+00:00\",\"dateModified\":\"2021-10-15T14:06:39+00:00\",\"mainEntityOfPage\":{\"@id\":\"https:\/\/www.2em.ch\/blog\/familien-roadtrip-in-der-schweiz-waehrend-der-sommermonate\/\"},\"wordCount\":453,\"publisher\":{\"@id\":\"https:\/\/www.2em.ch\/blog\/#organization\"},\"articleSection\":[\"Lifestyle\"],\"inLanguage\":\"fr-FR\"},{\"@type\":\"WebPage\",\"@id\":\"https:\/\/www.2em.ch\/blog\/familien-roadtrip-in-der-schweiz-waehrend-der-sommermonate\/\",\"url\":\"https:\/\/www.2em.ch\/blog\/familien-roadtrip-in-der-schweiz-waehrend-der-sommermonate\/\",\"name\":\"Familien-Roadtrip in der Schweiz w\u00e4hrend der Sommermonate - Blog\",\"isPartOf\":{\"@id\":\"https:\/\/www.2em.ch\/blog\/#website\"},\"datePublished\":\"2021-10-15T14:06:39+00:00\",\"dateModified\":\"2021-10-15T14:06:39+00:00\",\"breadcrumb\":{\"@id\":\"https:\/\/www.2em.ch\/blog\/familien-roadtrip-in-der-schweiz-waehrend-der-sommermonate\/#breadcrumb\"},\"inLanguage\":\"fr-FR\",\"potentialAction\":[{\"@type\":\"ReadAction\",\"target\":[\"https:\/\/www.2em.ch\/blog\/familien-roadtrip-in-der-schweiz-waehrend-der-sommermonate\/\"]}]},{\"@type\":\"BreadcrumbList\",\"@id\":\"https:\/\/www.2em.ch\/blog\/familien-roadtrip-in-der-schweiz-waehrend-der-sommermonate\/#breadcrumb\",\"itemListElement\":[{\"@type\":\"ListItem\",\"position\":1,\"name\":\"Blog carsharing\",\"item\":\"https:\/\/www.2em.ch\/blog\/\"},{\"@type\":\"ListItem\",\"position\":2,\"name\":\"Familien-Roadtrip in der Schweiz w\u00e4hrend der Sommermonate\"}]},{\"@type\":\"WebSite\",\"@id\":\"https:\/\/www.2em.ch\/blog\/#website\",\"url\":\"https:\/\/www.2em.ch\/blog\/\",\"name\":\"Blog\",\"description\":\"Plateforme Suisse d&#039;autopartage\",\"publisher\":{\"@id\":\"https:\/\/www.2em.ch\/blog\/#organization\"},\"potentialAction\":[{\"@type\":\"SearchAction\",\"target\":{\"@type\":\"EntryPoint\",\"urlTemplate\":\"https:\/\/www.2em.ch\/blog\/?s={search_term_string}\"},\"query-input\":\"required name=search_term_string\"}],\"inLanguage\":\"fr-FR\"},{\"@type\":\"Organization\",\"@id\":\"https:\/\/www.2em.ch\/blog\/#organization\",\"name\":\"Blog\",\"url\":\"https:\/\/www.2em.ch\/blog\/\",\"logo\":{\"@type\":\"ImageObject\",\"inLanguage\":\"fr-FR\",\"@id\":\"https:\/\/www.2em.ch\/blog\/#\/schema\/logo\/image\/\",\"url\":\"https:\/\/www.2em.ch\/blog\/wp-content\/uploads\/2020\/04\/cropped-logo-e1570472900624.jpg\",\"contentUrl\":\"https:\/\/www.2em.ch\/blog\/wp-content\/uploads\/2020\/04\/cropped-logo-e1570472900624.jpg\",\"width\":240,\"height\":64,\"caption\":\"Blog\"},\"image\":{\"@id\":\"https:\/\/www.2em.ch\/blog\/#\/schema\/logo\/image\/\"}},{\"@type\":\"Person\",\"@id\":\"https:\/\/www.2em.ch\/blog\/#\/schema\/person\/35abc3aa6d312e96aeab72169c4eb27a\",\"name\":\"Michael\",\"image\":{\"@type\":\"ImageObject\",\"inLanguage\":\"fr-FR\",\"@id\":\"https:\/\/www.2em.ch\/blog\/#\/schema\/person\/image\/\",\"url\":\"https:\/\/secure.gravatar.com\/avatar\/6fd58b0a1b7c572811d490a8459e2403?s=96&d=blank&r=g\",\"contentUrl\":\"https:\/\/secure.gravatar.com\/avatar\/6fd58b0a1b7c572811d490a8459e2403?s=96&d=blank&r=g\",\"caption\":\"Michael\"}}]}<\/script>\n<!-- \/ Yoast SEO plugin. -->","yoast_head_json":{"title":"Familien-Roadtrip in der Schweiz w\u00e4hrend der Sommermonate - Blog","robots":{"index":"index","follow":"follow","max-snippet":"max-snippet:-1","max-image-preview":"max-image-preview:large","max-video-preview":"max-video-preview:-1"},"canonical":"https:\/\/www.2em.ch\/blog\/familien-roadtrip-in-der-schweiz-waehrend-der-sommermonate\/","og_locale":"fr_FR","og_type":"article","og_title":"Familien-Roadtrip in der Schweiz w\u00e4hrend der Sommermonate - Blog","og_description":"Statt w\u00e4hrend des Sommers mit der Familie in die weite Ferne zu reisen, entdecken immer mehr Eltern die Sch\u00f6nheit der Nachbarl\u00e4nder und verbringen hier ihren sommerlichen Familienurlaub. Die Schweiz mit...","og_url":"https:\/\/www.2em.ch\/blog\/familien-roadtrip-in-der-schweiz-waehrend-der-sommermonate\/","og_site_name":"Blog","article_published_time":"2021-10-15T14:06:39+00:00","og_image":[{"width":640,"height":427,"url":"https:\/\/www.2em.ch\/blog\/wp-content\/uploads\/2021\/10\/alex-jumper-JgEtmgOjoew-unsplash.jpg","type":"image\/jpeg"}],"author":"Michael","twitter_card":"summary_large_image","twitter_misc":{"\u00c9crit par":"Michael","Dur\u00e9e de lecture estim\u00e9e":"2 minutes"},"schema":{"@context":"https:\/\/schema.org","@graph":[{"@type":"Article","@id":"https:\/\/www.2em.ch\/blog\/familien-roadtrip-in-der-schweiz-waehrend-der-sommermonate\/#article","isPartOf":{"@id":"https:\/\/www.2em.ch\/blog\/familien-roadtrip-in-der-schweiz-waehrend-der-sommermonate\/"},"author":{"name":"Michael","@id":"https:\/\/www.2em.ch\/blog\/#\/schema\/person\/35abc3aa6d312e96aeab72169c4eb27a"},"headline":"Familien-Roadtrip in der Schweiz w\u00e4hrend der Sommermonate","datePublished":"2021-10-15T14:06:39+00:00","dateModified":"2021-10-15T14:06:39+00:00","mainEntityOfPage":{"@id":"https:\/\/www.2em.ch\/blog\/familien-roadtrip-in-der-schweiz-waehrend-der-sommermonate\/"},"wordCount":453,"publisher":{"@id":"https:\/\/www.2em.ch\/blog\/#organization"},"articleSection":["Lifestyle"],"inLanguage":"fr-FR"},{"@type":"WebPage","@id":"https:\/\/www.2em.ch\/blog\/familien-roadtrip-in-der-schweiz-waehrend-der-sommermonate\/","url":"https:\/\/www.2em.ch\/blog\/familien-roadtrip-in-der-schweiz-waehrend-der-sommermonate\/","name":"Familien-Roadtrip in der Schweiz w\u00e4hrend der Sommermonate - Blog","isPartOf":{"@id":"https:\/\/www.2em.ch\/blog\/#website"},"datePublished":"2021-10-15T14:06:39+00:00","dateModified":"2021-10-15T14:06:39+00:00","breadcrumb":{"@id":"https:\/\/www.2em.ch\/blog\/familien-roadtrip-in-der-schweiz-waehrend-der-sommermonate\/#breadcrumb"},"inLanguage":"fr-FR","potentialAction":[{"@type":"ReadAction","target":["https:\/\/www.2em.ch\/blog\/familien-roadtrip-in-der-schweiz-waehrend-der-sommermonate\/"]}]},{"@type":"BreadcrumbList","@id":"https:\/\/www.2em.ch\/blog\/familien-roadtrip-in-der-schweiz-waehrend-der-sommermonate\/#breadcrumb","itemListElement":[{"@type":"ListItem","position":1,"name":"Blog carsharing","item":"https:\/\/www.2em.ch\/blog\/"},{"@type":"ListItem","position":2,"name":"Familien-Roadtrip in der Schweiz w\u00e4hrend der Sommermonate"}]},{"@type":"WebSite","@id":"https:\/\/www.2em.ch\/blog\/#website","url":"https:\/\/www.2em.ch\/blog\/","name":"Blog","description":"Plateforme Suisse d&#039;autopartage","publisher":{"@id":"https:\/\/www.2em.ch\/blog\/#organization"},"potentialAction":[{"@type":"SearchAction","target":{"@type":"EntryPoint","urlTemplate":"https:\/\/www.2em.ch\/blog\/?s={search_term_string}"},"query-input":"required name=search_term_string"}],"inLanguage":"fr-FR"},{"@type":"Organization","@id":"https:\/\/www.2em.ch\/blog\/#organization","name":"Blog","url":"https:\/\/www.2em.ch\/blog\/","logo":{"@type":"ImageObject","inLanguage":"fr-FR","@id":"https:\/\/www.2em.ch\/blog\/#\/schema\/logo\/image\/","url":"https:\/\/www.2em.ch\/blog\/wp-content\/uploads\/2020\/04\/cropped-logo-e1570472900624.jpg","contentUrl":"https:\/\/www.2em.ch\/blog\/wp-content\/uploads\/2020\/04\/cropped-logo-e1570472900624.jpg","width":240,"height":64,"caption":"Blog"},"image":{"@id":"https:\/\/www.2em.ch\/blog\/#\/schema\/logo\/image\/"}},{"@type":"Person","@id":"https:\/\/www.2em.ch\/blog\/#\/schema\/person\/35abc3aa6d312e96aeab72169c4eb27a","name":"Michael","image":{"@type":"ImageObject","inLanguage":"fr-FR","@id":"https:\/\/www.2em.ch\/blog\/#\/schema\/person\/image\/","url":"https:\/\/secure.gravatar.com\/avatar\/6fd58b0a1b7c572811d490a8459e2403?s=96&d=blank&r=g","contentUrl":"https:\/\/secure.gravatar.com\/avatar\/6fd58b0a1b7c572811d490a8459e2403?s=96&d=blank&r=g","caption":"Michael"}}]}},"_links":{"self":[{"href":"https:\/\/www.2em.ch\/blog\/wp-json\/wp\/v2\/posts\/967"}],"collection":[{"href":"https:\/\/www.2em.ch\/blog\/wp-json\/wp\/v2\/posts"}],"about":[{"href":"https:\/\/www.2em.ch\/blog\/wp-json\/wp\/v2\/types\/post"}],"author":[{"embeddable":true,"href":"https:\/\/www.2em.ch\/blog\/wp-json\/wp\/v2\/users\/11"}],"replies":[{"embeddable":true,"href":"https:\/\/www.2em.ch\/blog\/wp-json\/wp\/v2\/comments?post=967"}],"version-history":[{"count":1,"href":"https:\/\/www.2em.ch\/blog\/wp-json\/wp\/v2\/posts\/967\/revisions"}],"predecessor-version":[{"id":970,"href":"https:\/\/www.2em.ch\/blog\/wp-json\/wp\/v2\/posts\/967\/revisions\/970"}],"wp:featuredmedia":[{"embeddable":true,"href":"https:\/\/www.2em.ch\/blog\/wp-json\/wp\/v2\/media\/968"}],"wp:attachment":[{"href":"https:\/\/www.2em.ch\/blog\/wp-json\/wp\/v2\/media?parent=967"}],"wp:term":[{"taxonomy":"category","embeddable":true,"href":"https:\/\/www.2em.ch\/blog\/wp-json\/wp\/v2\/categories?post=967"},{"taxonomy":"post_tag","embeddable":true,"href":"https:\/\/www.2em.ch\/blog\/wp-json\/wp\/v2\/tags?post=967"}],"curies":[{"name":"wp","href":"https:\/\/api.w.org\/{rel}","templated":true}]}}