{"id":937,"date":"2021-07-23T10:00:48","date_gmt":"2021-07-23T08:00:48","guid":{"rendered":"https:\/\/www.2em.ch\/blog\/?p=937"},"modified":"2021-07-14T12:45:06","modified_gmt":"2021-07-14T10:45:06","slug":"die-schweiz-sollte-auf-sonnen-und-windenergie-in-den-bergen-setzen","status":"publish","type":"post","link":"https:\/\/www.2em.ch\/blog\/die-schweiz-sollte-auf-sonnen-und-windenergie-in-den-bergen-setzen\/","title":{"rendered":"Die Schweiz sollte auf Sonnen- und Windenergie in den Bergen setzen"},"content":{"rendered":"<p>Die Installation von Windkraftanlagen in Kombination mit Solarmodulen in den Alpen ist die effektivste L\u00f6sung, um in der Schweiz Energieneutralit\u00e4t und -autonomie zu erreichen.<\/p>\n<p><!--more--><img loading=\"lazy\" class=\"alignnone size-medium wp-image-938\" src=\"https:\/\/www.2em.ch\/blog\/wp-content\/uploads\/2021\/07\/wind-turbine-2218460_640-300x200.jpg\" alt=\"Windkraftanlagen in der Schwei\" width=\"300\" height=\"200\" srcset=\"https:\/\/www.2em.ch\/blog\/wp-content\/uploads\/2021\/07\/wind-turbine-2218460_640-300x200.jpg 300w, https:\/\/www.2em.ch\/blog\/wp-content\/uploads\/2021\/07\/wind-turbine-2218460_640-500x333.jpg 500w, https:\/\/www.2em.ch\/blog\/wp-content\/uploads\/2021\/07\/wind-turbine-2218460_640.jpg 640w\" sizes=\"(max-width: 300px) 100vw, 300px\" \/><\/p>\n<p>Insgesamt w\u00fcrden <em>75<\/em> % Windkraft und <em>25<\/em> % Solarenergie die derzeitige Versorgung aus Wasserkraft erg\u00e4nzen.<\/p>\n<p>So sieht zumindest das \u00aboptimale Szenario\u00bb aus, das die Forschenden des Labors f\u00fcr Kryosph\u00e4renforschung (CRYOS) der EPFL und des WSL-Instituts f\u00fcr Schnee- und Lawinenforschung SLF ermittelt haben<\/p>\n<p>. Die Ergebnisse ihrer Arbeit, die vom Schweizerischen Nationalfonds und dem Bundesamt f\u00fcr Energie unterst\u00fctzt wurde, sind soeben in der Zeitschrift\u00a0<em>Environmental Research Letters\u00a0<\/em>ver\u00f6ffentlicht worden.<\/p>\n<p>\u00abWir wissen, dass ein solches Szenario provokant wirkt.<\/p>\n<p>Wir wollten jedoch unseren Ansatz konsequent zu Ende denken, um den effizientesten Weg aufzuzeigen, auch wenn er radikal erscheint, wohl wissend, dass die Politik einen Mittelweg w\u00e4hlen wird, der zwischen diesem Szenario und der jetzigen Situation liegt\u00bb, erkl\u00e4rt J\u00e9r\u00f4me Dujardin, Erstautor der Studie und Doktorand in Umweltwissenschaften und Umwelttechnik an der EPFL.<\/p>\n<h2><strong>Schweizer Besonderheiten<\/strong><\/h2>\n<p>Die neue, vom CRYOS-Labor entwickelte Methode zeigt, welche erneuerbaren Energien am besten f\u00fcr die Schweiz geeignet sind, wobei Topographie, Mikroklima, die Speicherung von Wasserenergie und die Frage des Energieaustauschs mit den Nachbarl\u00e4ndern ber\u00fccksichtigt werden.<\/p>\n<p>F\u00fcr ihre Berechnungen nutzen die Wissenschaftler Schweizer Wetterdaten (Sonneneinstrahlung, Windgeschwindigkeit usw.), das satellitengest\u00fctzte SUNWELL Model und ber\u00fccksichtigten die aktuelle Wasserkraftinfrastruktur.<\/p>\n<p>Ziel war es, eine den Besonderheiten der Schweiz entsprechende Studie zu erstellen. Dank einer hochaufl\u00f6senden Gel\u00e4ndeanalyse parametrisierten die Wissenschaftler das Modell so, dass ein Mindestabstand von <em>500<\/em> Metern zwischen den neuen Windkraftanlagen und Wohnh\u00e4usern eingehalten sowie Gletscher, steile H\u00e4nge, W\u00e4lder.<\/p>\n<p>der Nationalpark und, soweit es um Solarmodule ging, nach Norden gerichtete H\u00e4nge gemieden wurden. Die Wissenschaftler integrierten auch das Stromnetz in seiner f\u00fcr 2025 geplanten Konfiguration, um sicherzustellen, dass das gesamte Stromsystem betriebsbereit sein wird.<\/p>\n<h2><strong>Der Jura, Spitzenreiter bei der Windkraft<\/strong><\/h2>\n<p>Die Studie zeigt, dass der Jura die interessanteste Region f\u00fcr die Installation von Windkraftanlagen ist und dass unbewohnte Gebiete noch viel Potenzial aufweisen. Allein auf diese Region entfallen 40 % der vom Modell empfohlenen Installationen.<\/p>\n<p>Es folgen die Alpen und die Voralpen. Die Wissenschaftler kamen auch zum Schluss, dass die massenhafte Installation von Solarmodulen auf den D\u00e4chern von St\u00e4dten nicht sinnvoll ist, vor allem wegen der starken Bew\u00f6lkung in der kalten Jahreszeit.<\/p>\n<h2><strong>Solarmodule in den Alpen<\/strong><\/h2>\n<p>Hingegen gibt es ein bislang verkanntes Thema, das laut Michael Lehning, Mitautor der Studie, ordentlicher Professor und Leiter des CRYOS-Labors, eine eingehendere Betrachtung verdient: \u00abUnsere Studie best\u00e4tigt, dass es eine echte, auch wirtschaftliche Chance gibt, Solarmodule in den Alpen zu installieren.<\/p>\n<p>Im Winter herrscht eine starke Sonneneinstrahlung, und das bestehende Stromnetz, in das vor allem Wasserkraft eingespeist wird, k\u00f6nnte genutzt werden, um diese Energie ins Flachland zu transportieren. Eine \u00e4hnliche Chance bietet sich auch f\u00fcr Windkraftanlagen in den Alpen, wo aufgrund der topografischen Komplexit\u00e4t noch verstecktes Potenzial vorhanden ist.\u00bb<\/p>\n<p>Er ist \u00fcberzeugt, dass das Ergebnis der Untersuchung die Verantwortlichen anspornen sollte, sich f\u00fcr diese M\u00f6glichkeiten zu interessieren.<\/p>\n<p>\u00abIm Sommer verf\u00fcgt die Schweiz \u00fcber reichlich Wasserkraft, die zu dieser Jahreszeit eher nutzlos ist, vor allem wenn die Photovoltaikanlagen auf den D\u00e4chern weiter zunehmen. Unsere Studie zeigt, dass die Installation von alpinen Solarmodulen besser mit Wasserkraft einhergeht und unsere Abh\u00e4ngigkeit von Energie aus den Nachbarl\u00e4ndern im Winter um bis zu <em>80<\/em> % reduziert werden kann.\u00bb<\/p>\n<h2><strong>Die Schweiz als Fallbeispiel<\/strong><\/h2>\n<p>Die Schweiz diente den Wissenschaftlern als Fallbeispiel. Ihre neue Optimierungsmethode beruht auf einer \u00abevolution\u00e4ren Strategie\u00bb, die sich an der Entwicklung lebender Organismen inspiriert und darauf abzielt, verschiedene Szenarien zu testen und erneuerbare Energien optimal zu kombinieren, um so das Szenario zu bestimmen, das am effizientesten und so CO<sub>2<\/sub>-neutral wie m\u00f6glich ist.<\/p>\n<p>Diese Methode ist als erste in der Lage, eine derart grosse Anzahl von Elementen zu ber\u00fccksichtigen, die Relevanz einer erneuerbaren Energie f\u00fcr ein ganzes Gebiet zu bestimmen und an den jeweiligen Standort anzupassen. Daher k\u00f6nnte sie auch auf andere L\u00e4nder \u00fcbertragen werden.<\/p>\n<p><strong>Source:\u00a0<\/strong><a href=\"https:\/\/actu.epfl.ch\/search\/mediacom\/de\">EPFL<\/a><\/p>\n","protected":false},"excerpt":{"rendered":"<p>Die Installation von Windkraftanlagen in Kombination mit Solarmodulen in den Alpen ist die effektivste L\u00f6sung, um in der Schweiz Energieneutralit\u00e4t und -autonomie zu erreichen.<\/p>\n","protected":false},"author":12,"featured_media":938,"comment_status":"closed","ping_status":"closed","sticky":false,"template":"","format":"gallery","meta":[],"categories":[57],"tags":[],"yoast_head":"<!-- This site is optimized with the Yoast SEO plugin v19.9 - https:\/\/yoast.com\/wordpress\/plugins\/seo\/ -->\n<title>Die Schweiz sollte auf Sonnen- und Windenergie in den Bergen setzen - Blog<\/title>\n<meta name=\"robots\" content=\"index, follow, max-snippet:-1, max-image-preview:large, max-video-preview:-1\" \/>\n<link rel=\"canonical\" href=\"https:\/\/www.2em.ch\/blog\/die-schweiz-sollte-auf-sonnen-und-windenergie-in-den-bergen-setzen\/\" \/>\n<meta property=\"og:locale\" content=\"fr_FR\" \/>\n<meta property=\"og:type\" content=\"article\" \/>\n<meta property=\"og:title\" content=\"Die Schweiz sollte auf Sonnen- und Windenergie in den Bergen setzen - Blog\" \/>\n<meta property=\"og:description\" content=\"Die Installation von Windkraftanlagen in Kombination mit Solarmodulen in den Alpen ist die effektivste L\u00f6sung, um in der Schweiz Energieneutralit\u00e4t und -autonomie zu erreichen.\" \/>\n<meta property=\"og:url\" content=\"https:\/\/www.2em.ch\/blog\/die-schweiz-sollte-auf-sonnen-und-windenergie-in-den-bergen-setzen\/\" \/>\n<meta property=\"og:site_name\" content=\"Blog\" \/>\n<meta property=\"article:published_time\" content=\"2021-07-23T08:00:48+00:00\" \/>\n<meta property=\"article:modified_time\" content=\"2021-07-14T10:45:06+00:00\" \/>\n<meta property=\"og:image\" content=\"https:\/\/www.2em.ch\/blog\/wp-content\/uploads\/2021\/07\/wind-turbine-2218460_640.jpg\" \/>\n\t<meta property=\"og:image:width\" content=\"640\" \/>\n\t<meta property=\"og:image:height\" content=\"426\" \/>\n\t<meta property=\"og:image:type\" content=\"image\/jpeg\" \/>\n<meta name=\"author\" content=\"Mariem\" \/>\n<meta name=\"twitter:card\" content=\"summary_large_image\" \/>\n<meta name=\"twitter:label1\" content=\"\u00c9crit par\" \/>\n\t<meta name=\"twitter:data1\" content=\"Mariem\" \/>\n\t<meta name=\"twitter:label2\" content=\"Dur\u00e9e de lecture estim\u00e9e\" \/>\n\t<meta name=\"twitter:data2\" content=\"3 minutes\" \/>\n<script type=\"application\/ld+json\" class=\"yoast-schema-graph\">{\"@context\":\"https:\/\/schema.org\",\"@graph\":[{\"@type\":\"Article\",\"@id\":\"https:\/\/www.2em.ch\/blog\/die-schweiz-sollte-auf-sonnen-und-windenergie-in-den-bergen-setzen\/#article\",\"isPartOf\":{\"@id\":\"https:\/\/www.2em.ch\/blog\/die-schweiz-sollte-auf-sonnen-und-windenergie-in-den-bergen-setzen\/\"},\"author\":{\"name\":\"Mariem\",\"@id\":\"https:\/\/www.2em.ch\/blog\/#\/schema\/person\/01bb07262c55d4d33c561d03aabfc8b0\"},\"headline\":\"Die Schweiz sollte auf Sonnen- und Windenergie in den Bergen setzen\",\"datePublished\":\"2021-07-23T08:00:48+00:00\",\"dateModified\":\"2021-07-14T10:45:06+00:00\",\"mainEntityOfPage\":{\"@id\":\"https:\/\/www.2em.ch\/blog\/die-schweiz-sollte-auf-sonnen-und-windenergie-in-den-bergen-setzen\/\"},\"wordCount\":675,\"publisher\":{\"@id\":\"https:\/\/www.2em.ch\/blog\/#organization\"},\"inLanguage\":\"fr-FR\"},{\"@type\":\"WebPage\",\"@id\":\"https:\/\/www.2em.ch\/blog\/die-schweiz-sollte-auf-sonnen-und-windenergie-in-den-bergen-setzen\/\",\"url\":\"https:\/\/www.2em.ch\/blog\/die-schweiz-sollte-auf-sonnen-und-windenergie-in-den-bergen-setzen\/\",\"name\":\"Die Schweiz sollte auf Sonnen- und Windenergie in den Bergen setzen - Blog\",\"isPartOf\":{\"@id\":\"https:\/\/www.2em.ch\/blog\/#website\"},\"datePublished\":\"2021-07-23T08:00:48+00:00\",\"dateModified\":\"2021-07-14T10:45:06+00:00\",\"breadcrumb\":{\"@id\":\"https:\/\/www.2em.ch\/blog\/die-schweiz-sollte-auf-sonnen-und-windenergie-in-den-bergen-setzen\/#breadcrumb\"},\"inLanguage\":\"fr-FR\",\"potentialAction\":[{\"@type\":\"ReadAction\",\"target\":[\"https:\/\/www.2em.ch\/blog\/die-schweiz-sollte-auf-sonnen-und-windenergie-in-den-bergen-setzen\/\"]}]},{\"@type\":\"BreadcrumbList\",\"@id\":\"https:\/\/www.2em.ch\/blog\/die-schweiz-sollte-auf-sonnen-und-windenergie-in-den-bergen-setzen\/#breadcrumb\",\"itemListElement\":[{\"@type\":\"ListItem\",\"position\":1,\"name\":\"Blog carsharing\",\"item\":\"https:\/\/www.2em.ch\/blog\/\"},{\"@type\":\"ListItem\",\"position\":2,\"name\":\"Die Schweiz sollte auf Sonnen- und Windenergie in den Bergen setzen\"}]},{\"@type\":\"WebSite\",\"@id\":\"https:\/\/www.2em.ch\/blog\/#website\",\"url\":\"https:\/\/www.2em.ch\/blog\/\",\"name\":\"Blog\",\"description\":\"Plateforme Suisse d&#039;autopartage\",\"publisher\":{\"@id\":\"https:\/\/www.2em.ch\/blog\/#organization\"},\"potentialAction\":[{\"@type\":\"SearchAction\",\"target\":{\"@type\":\"EntryPoint\",\"urlTemplate\":\"https:\/\/www.2em.ch\/blog\/?s={search_term_string}\"},\"query-input\":\"required name=search_term_string\"}],\"inLanguage\":\"fr-FR\"},{\"@type\":\"Organization\",\"@id\":\"https:\/\/www.2em.ch\/blog\/#organization\",\"name\":\"Blog\",\"url\":\"https:\/\/www.2em.ch\/blog\/\",\"logo\":{\"@type\":\"ImageObject\",\"inLanguage\":\"fr-FR\",\"@id\":\"https:\/\/www.2em.ch\/blog\/#\/schema\/logo\/image\/\",\"url\":\"https:\/\/www.2em.ch\/blog\/wp-content\/uploads\/2020\/04\/cropped-logo-e1570472900624.jpg\",\"contentUrl\":\"https:\/\/www.2em.ch\/blog\/wp-content\/uploads\/2020\/04\/cropped-logo-e1570472900624.jpg\",\"width\":240,\"height\":64,\"caption\":\"Blog\"},\"image\":{\"@id\":\"https:\/\/www.2em.ch\/blog\/#\/schema\/logo\/image\/\"}},{\"@type\":\"Person\",\"@id\":\"https:\/\/www.2em.ch\/blog\/#\/schema\/person\/01bb07262c55d4d33c561d03aabfc8b0\",\"name\":\"Mariem\",\"image\":{\"@type\":\"ImageObject\",\"inLanguage\":\"fr-FR\",\"@id\":\"https:\/\/www.2em.ch\/blog\/#\/schema\/person\/image\/\",\"url\":\"https:\/\/secure.gravatar.com\/avatar\/5cb504e22fc137e13a6777fc68871c45?s=96&d=blank&r=g\",\"contentUrl\":\"https:\/\/secure.gravatar.com\/avatar\/5cb504e22fc137e13a6777fc68871c45?s=96&d=blank&r=g\",\"caption\":\"Mariem\"}}]}<\/script>\n<!-- \/ Yoast SEO plugin. -->","yoast_head_json":{"title":"Die Schweiz sollte auf Sonnen- und Windenergie in den Bergen setzen - Blog","robots":{"index":"index","follow":"follow","max-snippet":"max-snippet:-1","max-image-preview":"max-image-preview:large","max-video-preview":"max-video-preview:-1"},"canonical":"https:\/\/www.2em.ch\/blog\/die-schweiz-sollte-auf-sonnen-und-windenergie-in-den-bergen-setzen\/","og_locale":"fr_FR","og_type":"article","og_title":"Die Schweiz sollte auf Sonnen- und Windenergie in den Bergen setzen - Blog","og_description":"Die Installation von Windkraftanlagen in Kombination mit Solarmodulen in den Alpen ist die effektivste L\u00f6sung, um in der Schweiz Energieneutralit\u00e4t und -autonomie zu erreichen.","og_url":"https:\/\/www.2em.ch\/blog\/die-schweiz-sollte-auf-sonnen-und-windenergie-in-den-bergen-setzen\/","og_site_name":"Blog","article_published_time":"2021-07-23T08:00:48+00:00","article_modified_time":"2021-07-14T10:45:06+00:00","og_image":[{"width":640,"height":426,"url":"https:\/\/www.2em.ch\/blog\/wp-content\/uploads\/2021\/07\/wind-turbine-2218460_640.jpg","type":"image\/jpeg"}],"author":"Mariem","twitter_card":"summary_large_image","twitter_misc":{"\u00c9crit par":"Mariem","Dur\u00e9e de lecture estim\u00e9e":"3 minutes"},"schema":{"@context":"https:\/\/schema.org","@graph":[{"@type":"Article","@id":"https:\/\/www.2em.ch\/blog\/die-schweiz-sollte-auf-sonnen-und-windenergie-in-den-bergen-setzen\/#article","isPartOf":{"@id":"https:\/\/www.2em.ch\/blog\/die-schweiz-sollte-auf-sonnen-und-windenergie-in-den-bergen-setzen\/"},"author":{"name":"Mariem","@id":"https:\/\/www.2em.ch\/blog\/#\/schema\/person\/01bb07262c55d4d33c561d03aabfc8b0"},"headline":"Die Schweiz sollte auf Sonnen- und Windenergie in den Bergen setzen","datePublished":"2021-07-23T08:00:48+00:00","dateModified":"2021-07-14T10:45:06+00:00","mainEntityOfPage":{"@id":"https:\/\/www.2em.ch\/blog\/die-schweiz-sollte-auf-sonnen-und-windenergie-in-den-bergen-setzen\/"},"wordCount":675,"publisher":{"@id":"https:\/\/www.2em.ch\/blog\/#organization"},"inLanguage":"fr-FR"},{"@type":"WebPage","@id":"https:\/\/www.2em.ch\/blog\/die-schweiz-sollte-auf-sonnen-und-windenergie-in-den-bergen-setzen\/","url":"https:\/\/www.2em.ch\/blog\/die-schweiz-sollte-auf-sonnen-und-windenergie-in-den-bergen-setzen\/","name":"Die Schweiz sollte auf Sonnen- und Windenergie in den Bergen setzen - Blog","isPartOf":{"@id":"https:\/\/www.2em.ch\/blog\/#website"},"datePublished":"2021-07-23T08:00:48+00:00","dateModified":"2021-07-14T10:45:06+00:00","breadcrumb":{"@id":"https:\/\/www.2em.ch\/blog\/die-schweiz-sollte-auf-sonnen-und-windenergie-in-den-bergen-setzen\/#breadcrumb"},"inLanguage":"fr-FR","potentialAction":[{"@type":"ReadAction","target":["https:\/\/www.2em.ch\/blog\/die-schweiz-sollte-auf-sonnen-und-windenergie-in-den-bergen-setzen\/"]}]},{"@type":"BreadcrumbList","@id":"https:\/\/www.2em.ch\/blog\/die-schweiz-sollte-auf-sonnen-und-windenergie-in-den-bergen-setzen\/#breadcrumb","itemListElement":[{"@type":"ListItem","position":1,"name":"Blog carsharing","item":"https:\/\/www.2em.ch\/blog\/"},{"@type":"ListItem","position":2,"name":"Die Schweiz sollte auf Sonnen- und Windenergie in den Bergen setzen"}]},{"@type":"WebSite","@id":"https:\/\/www.2em.ch\/blog\/#website","url":"https:\/\/www.2em.ch\/blog\/","name":"Blog","description":"Plateforme Suisse d&#039;autopartage","publisher":{"@id":"https:\/\/www.2em.ch\/blog\/#organization"},"potentialAction":[{"@type":"SearchAction","target":{"@type":"EntryPoint","urlTemplate":"https:\/\/www.2em.ch\/blog\/?s={search_term_string}"},"query-input":"required name=search_term_string"}],"inLanguage":"fr-FR"},{"@type":"Organization","@id":"https:\/\/www.2em.ch\/blog\/#organization","name":"Blog","url":"https:\/\/www.2em.ch\/blog\/","logo":{"@type":"ImageObject","inLanguage":"fr-FR","@id":"https:\/\/www.2em.ch\/blog\/#\/schema\/logo\/image\/","url":"https:\/\/www.2em.ch\/blog\/wp-content\/uploads\/2020\/04\/cropped-logo-e1570472900624.jpg","contentUrl":"https:\/\/www.2em.ch\/blog\/wp-content\/uploads\/2020\/04\/cropped-logo-e1570472900624.jpg","width":240,"height":64,"caption":"Blog"},"image":{"@id":"https:\/\/www.2em.ch\/blog\/#\/schema\/logo\/image\/"}},{"@type":"Person","@id":"https:\/\/www.2em.ch\/blog\/#\/schema\/person\/01bb07262c55d4d33c561d03aabfc8b0","name":"Mariem","image":{"@type":"ImageObject","inLanguage":"fr-FR","@id":"https:\/\/www.2em.ch\/blog\/#\/schema\/person\/image\/","url":"https:\/\/secure.gravatar.com\/avatar\/5cb504e22fc137e13a6777fc68871c45?s=96&d=blank&r=g","contentUrl":"https:\/\/secure.gravatar.com\/avatar\/5cb504e22fc137e13a6777fc68871c45?s=96&d=blank&r=g","caption":"Mariem"}}]}},"_links":{"self":[{"href":"https:\/\/www.2em.ch\/blog\/wp-json\/wp\/v2\/posts\/937"}],"collection":[{"href":"https:\/\/www.2em.ch\/blog\/wp-json\/wp\/v2\/posts"}],"about":[{"href":"https:\/\/www.2em.ch\/blog\/wp-json\/wp\/v2\/types\/post"}],"author":[{"embeddable":true,"href":"https:\/\/www.2em.ch\/blog\/wp-json\/wp\/v2\/users\/12"}],"replies":[{"embeddable":true,"href":"https:\/\/www.2em.ch\/blog\/wp-json\/wp\/v2\/comments?post=937"}],"version-history":[{"count":1,"href":"https:\/\/www.2em.ch\/blog\/wp-json\/wp\/v2\/posts\/937\/revisions"}],"predecessor-version":[{"id":939,"href":"https:\/\/www.2em.ch\/blog\/wp-json\/wp\/v2\/posts\/937\/revisions\/939"}],"wp:featuredmedia":[{"embeddable":true,"href":"https:\/\/www.2em.ch\/blog\/wp-json\/wp\/v2\/media\/938"}],"wp:attachment":[{"href":"https:\/\/www.2em.ch\/blog\/wp-json\/wp\/v2\/media?parent=937"}],"wp:term":[{"taxonomy":"category","embeddable":true,"href":"https:\/\/www.2em.ch\/blog\/wp-json\/wp\/v2\/categories?post=937"},{"taxonomy":"post_tag","embeddable":true,"href":"https:\/\/www.2em.ch\/blog\/wp-json\/wp\/v2\/tags?post=937"}],"curies":[{"name":"wp","href":"https:\/\/api.w.org\/{rel}","templated":true}]}}