{"id":931,"date":"2021-07-20T10:00:47","date_gmt":"2021-07-20T08:00:47","guid":{"rendered":"https:\/\/www.2em.ch\/blog\/?p=931"},"modified":"2021-07-13T18:58:20","modified_gmt":"2021-07-13T16:58:20","slug":"la-mobilite-en-questions","status":"publish","type":"post","link":"https:\/\/www.2em.ch\/blog\/la-mobilite-en-questions\/","title":{"rendered":"La mobilit\u00e9 en questions"},"content":{"rendered":"<p>En mati\u00e8re de mobilit\u00e9 et de transport, chacun a sa solution.<\/p>\n<p><!--more--><img loading=\"lazy\" class=\"alignnone size-medium wp-image-932\" src=\"https:\/\/www.2em.ch\/blog\/wp-content\/uploads\/2021\/07\/highway-2679490_640-300x200.jpg\" alt=\"La mobilit\u00e9 et un enjeu mondial\" width=\"300\" height=\"200\" srcset=\"https:\/\/www.2em.ch\/blog\/wp-content\/uploads\/2021\/07\/highway-2679490_640-300x200.jpg 300w, https:\/\/www.2em.ch\/blog\/wp-content\/uploads\/2021\/07\/highway-2679490_640-500x333.jpg 500w, https:\/\/www.2em.ch\/blog\/wp-content\/uploads\/2021\/07\/highway-2679490_640.jpg 640w\" sizes=\"(max-width: 300px) 100vw, 300px\" \/><\/p>\n<p>Plus de routes, moins de routes, plus de trains, moins de trains, des transports publics moins chers ou plus chers, plus de pistes cyclables, plus de rues pi\u00e9tonnes, moins de bitume\u2026 C\u2019est que la mobilit\u00e9 n\u2019est pas une mince affaire.<\/p>\n<p>S\u2019y \u00abr\u00e9v\u00e8lent l\u2019ensemble de notre soci\u00e9t\u00e9: ses id\u00e9ologies, ses modes de vie, sa structure d\u00e9mographique et sociale, son organisation \u00e9conomique et spatiale, son empreinte \u00e9cologique\u00bb, r\u00e9sument les auteurs de\u00a0<em>La Mobilit\u00e9 en<\/em><em>Questions<\/em>, qui para\u00eet aux PPUR.<\/p>\n<p>La mobilit\u00e9 est un enjeu mondial.<\/p>\n<p>Raison pour laquelle il est au menu des \u00e9tudiants de premi\u00e8re ann\u00e9e \u00e0 l\u2019EPFL, aux c\u00f4t\u00e9s de l\u2019alimentation, la communication, l\u2019\u00e9nergie, le climat et la sant\u00e9. Le livre, sign\u00e9 de deux professeurs de l\u2019EPFL, Michel Bierlaire et Vincent Kaufmann, et de Patrick R\u00e9rat, de l\u2019Universit\u00e9 de Lausanne, reprend la structure du cours avec l\u2019ambition d\u2019\u00eatre accessible \u00e0 tous. Afin d\u2019aider le lecteur \u00e0 s\u2019y retrouver, les chercheurs l\u2019ont d\u00e9coup\u00e9 en questions autour de trois probl\u00e9matiques li\u00e9es aux ressources consomm\u00e9es par la mobilit\u00e9: le temps, le co\u00fbt et le territoire.<\/p>\n<p>On y comprend ainsi pourquoi, il ne suffit pas de construire une nouvelle route pour r\u00e9duire les embouteillages. Ou que la vitesse d\u2019un d\u00e9placement est \u00e0 mettre en balance avec d\u2019autres param\u00e8tres tels que le confort, la s\u00e9curit\u00e9, le bruit, la pollution ou l\u2019\u00e9talement urbain. Que le gain de temps en transport peut se vendre, s\u2019acheter, et ce \u00e0 des tarifs variables.<\/p>\n<p>Qu\u2019un p\u00e9age urbain peut faire dispara\u00eetre certains trajets ou que les habitants des centres villes bougent souvent le plus que ceux de la p\u00e9riph\u00e9rie mais polluent moins.<\/p>\n<p>A l\u2019appui de chaque r\u00e9ponse, des d\u00e9monstrations et des exemples riches et \u00e9loquents.<\/p>\n<p>Le livre se conclut sur la gouvernance de la mobilit\u00e9. Les questions de mobilit\u00e9 d\u00e9passent en effet le champ des experts et des chercheurs, abord\u00e9es par une multitude d\u2019acteurs du monde politique ou de la soci\u00e9t\u00e9 civile.<\/p>\n<p><strong>Source:\u00a0<\/strong><a href=\"https:\/\/actu.epfl.ch\/search\/trace\/fr\">Centre de transport<\/a><\/p>\n","protected":false},"excerpt":{"rendered":"<p>En mati\u00e8re de mobilit\u00e9 et de transport, chacun a sa solution.<\/p>\n","protected":false},"author":12,"featured_media":932,"comment_status":"closed","ping_status":"closed","sticky":false,"template":"","format":"gallery","meta":[],"categories":[3],"tags":[],"yoast_head":"<!-- This site is optimized with the Yoast SEO plugin v19.9 - https:\/\/yoast.com\/wordpress\/plugins\/seo\/ -->\n<title>La mobilit\u00e9 en questions - Blog<\/title>\n<meta name=\"robots\" content=\"index, follow, max-snippet:-1, max-image-preview:large, max-video-preview:-1\" \/>\n<link rel=\"canonical\" href=\"https:\/\/www.2em.ch\/blog\/la-mobilite-en-questions\/\" \/>\n<meta property=\"og:locale\" content=\"fr_FR\" \/>\n<meta property=\"og:type\" content=\"article\" \/>\n<meta property=\"og:title\" content=\"La mobilit\u00e9 en questions - Blog\" \/>\n<meta property=\"og:description\" content=\"En mati\u00e8re de mobilit\u00e9 et de transport, chacun a sa solution.\" \/>\n<meta property=\"og:url\" content=\"https:\/\/www.2em.ch\/blog\/la-mobilite-en-questions\/\" \/>\n<meta property=\"og:site_name\" content=\"Blog\" \/>\n<meta property=\"article:published_time\" content=\"2021-07-20T08:00:47+00:00\" \/>\n<meta property=\"article:modified_time\" content=\"2021-07-13T16:58:20+00:00\" \/>\n<meta property=\"og:image\" content=\"https:\/\/www.2em.ch\/blog\/wp-content\/uploads\/2021\/07\/highway-2679490_640.jpg\" \/>\n\t<meta property=\"og:image:width\" content=\"640\" \/>\n\t<meta property=\"og:image:height\" content=\"426\" \/>\n\t<meta property=\"og:image:type\" content=\"image\/jpeg\" \/>\n<meta name=\"author\" content=\"Mariem\" \/>\n<meta name=\"twitter:card\" content=\"summary_large_image\" \/>\n<meta name=\"twitter:label1\" content=\"\u00c9crit par\" \/>\n\t<meta name=\"twitter:data1\" content=\"Mariem\" \/>\n\t<meta name=\"twitter:label2\" content=\"Dur\u00e9e de lecture estim\u00e9e\" \/>\n\t<meta name=\"twitter:data2\" content=\"2 minutes\" \/>\n<script type=\"application\/ld+json\" class=\"yoast-schema-graph\">{\"@context\":\"https:\/\/schema.org\",\"@graph\":[{\"@type\":\"Article\",\"@id\":\"https:\/\/www.2em.ch\/blog\/la-mobilite-en-questions\/#article\",\"isPartOf\":{\"@id\":\"https:\/\/www.2em.ch\/blog\/la-mobilite-en-questions\/\"},\"author\":{\"name\":\"Mariem\",\"@id\":\"https:\/\/www.2em.ch\/blog\/#\/schema\/person\/01bb07262c55d4d33c561d03aabfc8b0\"},\"headline\":\"La mobilit\u00e9 en questions\",\"datePublished\":\"2021-07-20T08:00:47+00:00\",\"dateModified\":\"2021-07-13T16:58:20+00:00\",\"mainEntityOfPage\":{\"@id\":\"https:\/\/www.2em.ch\/blog\/la-mobilite-en-questions\/\"},\"wordCount\":378,\"publisher\":{\"@id\":\"https:\/\/www.2em.ch\/blog\/#organization\"},\"articleSection\":[\"Mobilit\u00e9\"],\"inLanguage\":\"fr-FR\"},{\"@type\":\"WebPage\",\"@id\":\"https:\/\/www.2em.ch\/blog\/la-mobilite-en-questions\/\",\"url\":\"https:\/\/www.2em.ch\/blog\/la-mobilite-en-questions\/\",\"name\":\"La mobilit\u00e9 en questions - Blog\",\"isPartOf\":{\"@id\":\"https:\/\/www.2em.ch\/blog\/#website\"},\"datePublished\":\"2021-07-20T08:00:47+00:00\",\"dateModified\":\"2021-07-13T16:58:20+00:00\",\"breadcrumb\":{\"@id\":\"https:\/\/www.2em.ch\/blog\/la-mobilite-en-questions\/#breadcrumb\"},\"inLanguage\":\"fr-FR\",\"potentialAction\":[{\"@type\":\"ReadAction\",\"target\":[\"https:\/\/www.2em.ch\/blog\/la-mobilite-en-questions\/\"]}]},{\"@type\":\"BreadcrumbList\",\"@id\":\"https:\/\/www.2em.ch\/blog\/la-mobilite-en-questions\/#breadcrumb\",\"itemListElement\":[{\"@type\":\"ListItem\",\"position\":1,\"name\":\"Blog carsharing\",\"item\":\"https:\/\/www.2em.ch\/blog\/\"},{\"@type\":\"ListItem\",\"position\":2,\"name\":\"La mobilit\u00e9 en questions\"}]},{\"@type\":\"WebSite\",\"@id\":\"https:\/\/www.2em.ch\/blog\/#website\",\"url\":\"https:\/\/www.2em.ch\/blog\/\",\"name\":\"Blog\",\"description\":\"Plateforme Suisse d&#039;autopartage\",\"publisher\":{\"@id\":\"https:\/\/www.2em.ch\/blog\/#organization\"},\"potentialAction\":[{\"@type\":\"SearchAction\",\"target\":{\"@type\":\"EntryPoint\",\"urlTemplate\":\"https:\/\/www.2em.ch\/blog\/?s={search_term_string}\"},\"query-input\":\"required name=search_term_string\"}],\"inLanguage\":\"fr-FR\"},{\"@type\":\"Organization\",\"@id\":\"https:\/\/www.2em.ch\/blog\/#organization\",\"name\":\"Blog\",\"url\":\"https:\/\/www.2em.ch\/blog\/\",\"logo\":{\"@type\":\"ImageObject\",\"inLanguage\":\"fr-FR\",\"@id\":\"https:\/\/www.2em.ch\/blog\/#\/schema\/logo\/image\/\",\"url\":\"https:\/\/www.2em.ch\/blog\/wp-content\/uploads\/2020\/04\/cropped-logo-e1570472900624.jpg\",\"contentUrl\":\"https:\/\/www.2em.ch\/blog\/wp-content\/uploads\/2020\/04\/cropped-logo-e1570472900624.jpg\",\"width\":240,\"height\":64,\"caption\":\"Blog\"},\"image\":{\"@id\":\"https:\/\/www.2em.ch\/blog\/#\/schema\/logo\/image\/\"}},{\"@type\":\"Person\",\"@id\":\"https:\/\/www.2em.ch\/blog\/#\/schema\/person\/01bb07262c55d4d33c561d03aabfc8b0\",\"name\":\"Mariem\",\"image\":{\"@type\":\"ImageObject\",\"inLanguage\":\"fr-FR\",\"@id\":\"https:\/\/www.2em.ch\/blog\/#\/schema\/person\/image\/\",\"url\":\"https:\/\/secure.gravatar.com\/avatar\/5cb504e22fc137e13a6777fc68871c45?s=96&d=blank&r=g\",\"contentUrl\":\"https:\/\/secure.gravatar.com\/avatar\/5cb504e22fc137e13a6777fc68871c45?s=96&d=blank&r=g\",\"caption\":\"Mariem\"}}]}<\/script>\n<!-- \/ Yoast SEO plugin. -->","yoast_head_json":{"title":"La mobilit\u00e9 en questions - Blog","robots":{"index":"index","follow":"follow","max-snippet":"max-snippet:-1","max-image-preview":"max-image-preview:large","max-video-preview":"max-video-preview:-1"},"canonical":"https:\/\/www.2em.ch\/blog\/la-mobilite-en-questions\/","og_locale":"fr_FR","og_type":"article","og_title":"La mobilit\u00e9 en questions - Blog","og_description":"En mati\u00e8re de mobilit\u00e9 et de transport, chacun a sa solution.","og_url":"https:\/\/www.2em.ch\/blog\/la-mobilite-en-questions\/","og_site_name":"Blog","article_published_time":"2021-07-20T08:00:47+00:00","article_modified_time":"2021-07-13T16:58:20+00:00","og_image":[{"width":640,"height":426,"url":"https:\/\/www.2em.ch\/blog\/wp-content\/uploads\/2021\/07\/highway-2679490_640.jpg","type":"image\/jpeg"}],"author":"Mariem","twitter_card":"summary_large_image","twitter_misc":{"\u00c9crit par":"Mariem","Dur\u00e9e de lecture estim\u00e9e":"2 minutes"},"schema":{"@context":"https:\/\/schema.org","@graph":[{"@type":"Article","@id":"https:\/\/www.2em.ch\/blog\/la-mobilite-en-questions\/#article","isPartOf":{"@id":"https:\/\/www.2em.ch\/blog\/la-mobilite-en-questions\/"},"author":{"name":"Mariem","@id":"https:\/\/www.2em.ch\/blog\/#\/schema\/person\/01bb07262c55d4d33c561d03aabfc8b0"},"headline":"La mobilit\u00e9 en questions","datePublished":"2021-07-20T08:00:47+00:00","dateModified":"2021-07-13T16:58:20+00:00","mainEntityOfPage":{"@id":"https:\/\/www.2em.ch\/blog\/la-mobilite-en-questions\/"},"wordCount":378,"publisher":{"@id":"https:\/\/www.2em.ch\/blog\/#organization"},"articleSection":["Mobilit\u00e9"],"inLanguage":"fr-FR"},{"@type":"WebPage","@id":"https:\/\/www.2em.ch\/blog\/la-mobilite-en-questions\/","url":"https:\/\/www.2em.ch\/blog\/la-mobilite-en-questions\/","name":"La mobilit\u00e9 en questions - Blog","isPartOf":{"@id":"https:\/\/www.2em.ch\/blog\/#website"},"datePublished":"2021-07-20T08:00:47+00:00","dateModified":"2021-07-13T16:58:20+00:00","breadcrumb":{"@id":"https:\/\/www.2em.ch\/blog\/la-mobilite-en-questions\/#breadcrumb"},"inLanguage":"fr-FR","potentialAction":[{"@type":"ReadAction","target":["https:\/\/www.2em.ch\/blog\/la-mobilite-en-questions\/"]}]},{"@type":"BreadcrumbList","@id":"https:\/\/www.2em.ch\/blog\/la-mobilite-en-questions\/#breadcrumb","itemListElement":[{"@type":"ListItem","position":1,"name":"Blog carsharing","item":"https:\/\/www.2em.ch\/blog\/"},{"@type":"ListItem","position":2,"name":"La mobilit\u00e9 en questions"}]},{"@type":"WebSite","@id":"https:\/\/www.2em.ch\/blog\/#website","url":"https:\/\/www.2em.ch\/blog\/","name":"Blog","description":"Plateforme Suisse d&#039;autopartage","publisher":{"@id":"https:\/\/www.2em.ch\/blog\/#organization"},"potentialAction":[{"@type":"SearchAction","target":{"@type":"EntryPoint","urlTemplate":"https:\/\/www.2em.ch\/blog\/?s={search_term_string}"},"query-input":"required name=search_term_string"}],"inLanguage":"fr-FR"},{"@type":"Organization","@id":"https:\/\/www.2em.ch\/blog\/#organization","name":"Blog","url":"https:\/\/www.2em.ch\/blog\/","logo":{"@type":"ImageObject","inLanguage":"fr-FR","@id":"https:\/\/www.2em.ch\/blog\/#\/schema\/logo\/image\/","url":"https:\/\/www.2em.ch\/blog\/wp-content\/uploads\/2020\/04\/cropped-logo-e1570472900624.jpg","contentUrl":"https:\/\/www.2em.ch\/blog\/wp-content\/uploads\/2020\/04\/cropped-logo-e1570472900624.jpg","width":240,"height":64,"caption":"Blog"},"image":{"@id":"https:\/\/www.2em.ch\/blog\/#\/schema\/logo\/image\/"}},{"@type":"Person","@id":"https:\/\/www.2em.ch\/blog\/#\/schema\/person\/01bb07262c55d4d33c561d03aabfc8b0","name":"Mariem","image":{"@type":"ImageObject","inLanguage":"fr-FR","@id":"https:\/\/www.2em.ch\/blog\/#\/schema\/person\/image\/","url":"https:\/\/secure.gravatar.com\/avatar\/5cb504e22fc137e13a6777fc68871c45?s=96&d=blank&r=g","contentUrl":"https:\/\/secure.gravatar.com\/avatar\/5cb504e22fc137e13a6777fc68871c45?s=96&d=blank&r=g","caption":"Mariem"}}]}},"_links":{"self":[{"href":"https:\/\/www.2em.ch\/blog\/wp-json\/wp\/v2\/posts\/931"}],"collection":[{"href":"https:\/\/www.2em.ch\/blog\/wp-json\/wp\/v2\/posts"}],"about":[{"href":"https:\/\/www.2em.ch\/blog\/wp-json\/wp\/v2\/types\/post"}],"author":[{"embeddable":true,"href":"https:\/\/www.2em.ch\/blog\/wp-json\/wp\/v2\/users\/12"}],"replies":[{"embeddable":true,"href":"https:\/\/www.2em.ch\/blog\/wp-json\/wp\/v2\/comments?post=931"}],"version-history":[{"count":1,"href":"https:\/\/www.2em.ch\/blog\/wp-json\/wp\/v2\/posts\/931\/revisions"}],"predecessor-version":[{"id":933,"href":"https:\/\/www.2em.ch\/blog\/wp-json\/wp\/v2\/posts\/931\/revisions\/933"}],"wp:featuredmedia":[{"embeddable":true,"href":"https:\/\/www.2em.ch\/blog\/wp-json\/wp\/v2\/media\/932"}],"wp:attachment":[{"href":"https:\/\/www.2em.ch\/blog\/wp-json\/wp\/v2\/media?parent=931"}],"wp:term":[{"taxonomy":"category","embeddable":true,"href":"https:\/\/www.2em.ch\/blog\/wp-json\/wp\/v2\/categories?post=931"},{"taxonomy":"post_tag","embeddable":true,"href":"https:\/\/www.2em.ch\/blog\/wp-json\/wp\/v2\/tags?post=931"}],"curies":[{"name":"wp","href":"https:\/\/api.w.org\/{rel}","templated":true}]}}