{"id":923,"date":"2021-07-17T10:07:53","date_gmt":"2021-07-17T08:07:53","guid":{"rendered":"https:\/\/www.2em.ch\/blog\/?p=923"},"modified":"2021-07-13T17:14:59","modified_gmt":"2021-07-13T15:14:59","slug":"energiewende-spin-off-beschafft-175-millionen-franken","status":"publish","type":"post","link":"https:\/\/www.2em.ch\/blog\/energiewende-spin-off-beschafft-175-millionen-franken\/","title":{"rendered":"Energiewende: Spin-off beschafft 1,75 Millionen Franken"},"content":{"rendered":"<p>Allein der Bausektor ist f\u00fcr <strong>39<\/strong>\u00a0% der gesamten CO<sub>2<\/sub>-Emissionen verantwortlich. Dieser hohe Wert zeigt, wie dringlich eine Senkung der CO<sub>2<\/sub>-Bilanz in diesem Bereich ist.<\/p>\n<p><!--more--><img loading=\"lazy\" class=\"alignnone size-medium wp-image-924\" src=\"https:\/\/www.2em.ch\/blog\/wp-content\/uploads\/2021\/07\/buildings-768466_640-300x200.jpg\" alt=\"Einengungen\" width=\"300\" height=\"200\" srcset=\"https:\/\/www.2em.ch\/blog\/wp-content\/uploads\/2021\/07\/buildings-768466_640-300x200.jpg 300w, https:\/\/www.2em.ch\/blog\/wp-content\/uploads\/2021\/07\/buildings-768466_640-500x333.jpg 500w, https:\/\/www.2em.ch\/blog\/wp-content\/uploads\/2021\/07\/buildings-768466_640.jpg 640w\" sizes=\"(max-width: 300px) 100vw, 300px\" \/><\/p>\n<p>Dank einer an der EPFL entwickelten Technologie mit f\u00e4cher\u00fcbergreifendem Ansatz k\u00f6nnen Ingenieure die Energieeigenschaften von Geb\u00e4uden ab dem ersten Planungsstadium beurteilen. Ihr Erfinder Thomas Jusselme verteidigte seine Doktorarbeit im M\u00e4rz 2020 und war 2015 einer der Gr\u00fcnder des franz\u00f6sischen Start-ups\u00a0<a href=\"https:\/\/www.osteopathyfoundation.ch\/%20Empfang\/\" target=\"_blank\" rel=\"noopener noreferrer\"><u>Vizcab<\/u><\/a>. Dieses hat vor Kurzem 1,75 Millionen Franken Kapital beschafft. \u00abMit diesen neuen Finanzmitteln k\u00f6nnen wir die Einf\u00fchrung unserer Tools auf dem franz\u00f6sischen Markt ankurbeln\u00bb, sagt Thomas Jusselme erfreut.<\/p>\n<h2><strong>An der Schnittstelle von digitaler und \u00f6kologischer Wende<\/strong><\/h2>\n<p>Mit der patentierten Methode l\u00e4sst sich die Analyse des Lebenszyklus von Geb\u00e4uden ab dem ersten Planungsstadium vereinfachen. \u00abUnser Start-up liegt an der Schnittstelle zweier grosser Umbr\u00fcche: der digitalen und der \u00f6kologischen Wende\u00bb, erkl\u00e4rt Thomas Jusselme. Konkret funktioniert es so: \u00dcber eine Web-Anwendung haben die Spezialisten Zugang zu einem durch Zehntausende von Simulationen gespeisten Modul f\u00fcr die Erkundung von Bauhypothesen, bei denen verschiedene Varianten (Art der Heizung, der Verglasung oder der Isolierung) ber\u00fccksichtigt werden. Mit einer solchen Datenbank erf\u00e4hrt man schon fr\u00fch im Planungsprozess, was zu tun ist, um die festgelegten Ziele zu erreichen. Das ist eine echte Innovation, weil die \u00f6kologischen Auswirkungen eines Geb\u00e4udes bisher erst nach der Planung berechnet werden konnten.<\/p>\n<h2><strong>F\u00e4cher\u00fcbergreifender Ansatz<\/strong><\/h2>\n<p>Bei der im Smart Living Lab in Freiburg von der Forschungsgruppe\u00a0<a href=\"https:\/\/www.epfl.ch\/labs\/building2050\/\"><u>Building2050<\/u><\/a> genutzten Methode wird ein f\u00e4cher\u00fcbergreifender Ansatz verfolgt, der sowohl die Geb\u00e4udephysik als auch die Umweltwissenschaften, den Maschinenbau, die Datenwissenschaften, die Statistik und die Datenvisualisierung umfasst. Dieses f\u00e4cher\u00fcbergreifende Arbeiten geh\u00f6rt zur DNA des Smart Living Lab. \u00abBuilding <strong>2050<\/strong> und die zahlreichen Kontakte zu meinen Kolleginnen und Kollegen in diesem Rahmen waren entscheidend f\u00fcr die Entwicklung dieser Technologie. Das Umfeld hat zu ihrer Entstehung beigetragen\u00bb, betont Thomas Jusselme. Der erste Prototyp wurde insbesondere durch die Zusammenarbeit mit den EPFL-Laboren\u00a0<a href=\"https:\/\/www.epfl.ch\/labs\/lipid\/\"><u>LIPID<\/u><\/a>\u00a0und\u00a0<a href=\"https:\/\/www.epfl.ch\/labs\/last\/fr\/index-fr-html\/\"><u>LAST<\/u><\/a>,\u00a0dem\u00a0<a href=\"https:\/\/www.epfl-ecal-lab.ch\/\" target=\"_blank\" rel=\"noopener noreferrer\"><u>EPFL+ECAL\u00a0Lab<\/u><\/a>\u00a0und dem Institut\u00a0<a href=\"https:\/\/human-ist.unifr.ch\/en\/\" target=\"_blank\" rel=\"noopener noreferrer\"><u>Human-IST der l\u2019UNIFR<\/u><\/a>\u00a0unterst\u00fctzt.<\/p>\n<h2><strong>Klimaneutralit\u00e4t <em>2050<\/em><\/strong><\/h2>\n<p>W\u00e4hrend sich die Europ\u00e4ische Union im Rahmen ihres\u00a0<a href=\"https:\/\/www.ouest-france.fr\/environnement\/climat\/greta-thunberg\/l-europe-devient-le-premier-continent-se-doter-d-une-loi-climat-6764641\" target=\"_blank\" rel=\"noopener noreferrer\"><u>\u00abGreen Deal\u00bb<\/u><\/a>\u00a0zum Ziel gesetzt hat, bis im Jahr 2050 klimaneutral zu sein, wird der Bedarf an L\u00f6sungen wie der von Vizcab steigen. \u00abNeue Vorschriften sind eine gute Gelegenheit f\u00fcr Start-ups, L\u00f6sungen zu entwickeln, die das Leben der diesen Regeln unterstellten Unternehmen vereinfachen\u00bb, sagt Fr\u00e9d\u00e9ric Pont. In einem solchen Umfeld sind die Chancen gross, dass die Anzahl Nutzerinnen und Nutzer der Vizcab-Plattform in den kommenden Jahren in die H\u00f6he schnellen wird.<\/p>\n<p>Als Verantwortlicher f\u00fcr den Technologietransfer an der EPFL freut sich Fr\u00e9d\u00e9ric Pont, dass sich immer mehr aus den Laboren stammende Technologien mit Auswirkungen auf Gesellschaft und Industrie entwickeln. \u00abJedes Mal, wenn ein Start-up, das EPFL-Technologien lizenziert, Kapital beschaffen kann, ist das sehr positiv. Im aktuellen Zusammenhang mit der Gesundheits- und Wirtschaftskrise aufgrund von COVID-19 gilt dies umso mehr.\u00bb<\/p>\n<p><strong>Source:\u00a0<\/strong><a href=\"https:\/\/actu.epfl.ch\/search\/mediacom\/de\">EPFL<\/a><\/p>\n","protected":false},"excerpt":{"rendered":"<p>Allein der Bausektor ist f\u00fcr 39\u00a0% der gesamten CO2-Emissionen verantwortlich. Dieser hohe Wert zeigt, wie dringlich eine Senkung der CO2-Bilanz in diesem Bereich ist.<\/p>\n","protected":false},"author":12,"featured_media":924,"comment_status":"closed","ping_status":"closed","sticky":false,"template":"","format":"gallery","meta":[],"categories":[57],"tags":[],"yoast_head":"<!-- This site is optimized with the Yoast SEO plugin v19.9 - https:\/\/yoast.com\/wordpress\/plugins\/seo\/ -->\n<title>Energiewende: Spin-off beschafft 1,75 Millionen Franken - Blog<\/title>\n<meta name=\"robots\" content=\"index, follow, max-snippet:-1, max-image-preview:large, max-video-preview:-1\" \/>\n<link rel=\"canonical\" href=\"https:\/\/www.2em.ch\/blog\/energiewende-spin-off-beschafft-175-millionen-franken\/\" \/>\n<meta property=\"og:locale\" content=\"fr_FR\" \/>\n<meta property=\"og:type\" content=\"article\" \/>\n<meta property=\"og:title\" content=\"Energiewende: Spin-off beschafft 1,75 Millionen Franken - Blog\" \/>\n<meta property=\"og:description\" content=\"Allein der Bausektor ist f\u00fcr 39\u00a0% der gesamten CO2-Emissionen verantwortlich. Dieser hohe Wert zeigt, wie dringlich eine Senkung der CO2-Bilanz in diesem Bereich ist.\" \/>\n<meta property=\"og:url\" content=\"https:\/\/www.2em.ch\/blog\/energiewende-spin-off-beschafft-175-millionen-franken\/\" \/>\n<meta property=\"og:site_name\" content=\"Blog\" \/>\n<meta property=\"article:published_time\" content=\"2021-07-17T08:07:53+00:00\" \/>\n<meta property=\"article:modified_time\" content=\"2021-07-13T15:14:59+00:00\" \/>\n<meta property=\"og:image\" content=\"https:\/\/www.2em.ch\/blog\/wp-content\/uploads\/2021\/07\/buildings-768466_640.jpg\" \/>\n\t<meta property=\"og:image:width\" content=\"640\" \/>\n\t<meta property=\"og:image:height\" content=\"426\" \/>\n\t<meta property=\"og:image:type\" content=\"image\/jpeg\" \/>\n<meta name=\"author\" content=\"Mariem\" \/>\n<meta name=\"twitter:card\" content=\"summary_large_image\" \/>\n<meta name=\"twitter:label1\" content=\"\u00c9crit par\" \/>\n\t<meta name=\"twitter:data1\" content=\"Mariem\" \/>\n\t<meta name=\"twitter:label2\" content=\"Dur\u00e9e de lecture estim\u00e9e\" \/>\n\t<meta name=\"twitter:data2\" content=\"2 minutes\" \/>\n<script type=\"application\/ld+json\" class=\"yoast-schema-graph\">{\"@context\":\"https:\/\/schema.org\",\"@graph\":[{\"@type\":\"Article\",\"@id\":\"https:\/\/www.2em.ch\/blog\/energiewende-spin-off-beschafft-175-millionen-franken\/#article\",\"isPartOf\":{\"@id\":\"https:\/\/www.2em.ch\/blog\/energiewende-spin-off-beschafft-175-millionen-franken\/\"},\"author\":{\"name\":\"Mariem\",\"@id\":\"https:\/\/www.2em.ch\/blog\/#\/schema\/person\/01bb07262c55d4d33c561d03aabfc8b0\"},\"headline\":\"Energiewende: Spin-off beschafft 1,75 Millionen Franken\",\"datePublished\":\"2021-07-17T08:07:53+00:00\",\"dateModified\":\"2021-07-13T15:14:59+00:00\",\"mainEntityOfPage\":{\"@id\":\"https:\/\/www.2em.ch\/blog\/energiewende-spin-off-beschafft-175-millionen-franken\/\"},\"wordCount\":502,\"publisher\":{\"@id\":\"https:\/\/www.2em.ch\/blog\/#organization\"},\"inLanguage\":\"fr-FR\"},{\"@type\":\"WebPage\",\"@id\":\"https:\/\/www.2em.ch\/blog\/energiewende-spin-off-beschafft-175-millionen-franken\/\",\"url\":\"https:\/\/www.2em.ch\/blog\/energiewende-spin-off-beschafft-175-millionen-franken\/\",\"name\":\"Energiewende: Spin-off beschafft 1,75 Millionen Franken - Blog\",\"isPartOf\":{\"@id\":\"https:\/\/www.2em.ch\/blog\/#website\"},\"datePublished\":\"2021-07-17T08:07:53+00:00\",\"dateModified\":\"2021-07-13T15:14:59+00:00\",\"breadcrumb\":{\"@id\":\"https:\/\/www.2em.ch\/blog\/energiewende-spin-off-beschafft-175-millionen-franken\/#breadcrumb\"},\"inLanguage\":\"fr-FR\",\"potentialAction\":[{\"@type\":\"ReadAction\",\"target\":[\"https:\/\/www.2em.ch\/blog\/energiewende-spin-off-beschafft-175-millionen-franken\/\"]}]},{\"@type\":\"BreadcrumbList\",\"@id\":\"https:\/\/www.2em.ch\/blog\/energiewende-spin-off-beschafft-175-millionen-franken\/#breadcrumb\",\"itemListElement\":[{\"@type\":\"ListItem\",\"position\":1,\"name\":\"Blog carsharing\",\"item\":\"https:\/\/www.2em.ch\/blog\/\"},{\"@type\":\"ListItem\",\"position\":2,\"name\":\"Energiewende: Spin-off beschafft 1,75 Millionen Franken\"}]},{\"@type\":\"WebSite\",\"@id\":\"https:\/\/www.2em.ch\/blog\/#website\",\"url\":\"https:\/\/www.2em.ch\/blog\/\",\"name\":\"Blog\",\"description\":\"Plateforme Suisse d&#039;autopartage\",\"publisher\":{\"@id\":\"https:\/\/www.2em.ch\/blog\/#organization\"},\"potentialAction\":[{\"@type\":\"SearchAction\",\"target\":{\"@type\":\"EntryPoint\",\"urlTemplate\":\"https:\/\/www.2em.ch\/blog\/?s={search_term_string}\"},\"query-input\":\"required name=search_term_string\"}],\"inLanguage\":\"fr-FR\"},{\"@type\":\"Organization\",\"@id\":\"https:\/\/www.2em.ch\/blog\/#organization\",\"name\":\"Blog\",\"url\":\"https:\/\/www.2em.ch\/blog\/\",\"logo\":{\"@type\":\"ImageObject\",\"inLanguage\":\"fr-FR\",\"@id\":\"https:\/\/www.2em.ch\/blog\/#\/schema\/logo\/image\/\",\"url\":\"https:\/\/www.2em.ch\/blog\/wp-content\/uploads\/2020\/04\/cropped-logo-e1570472900624.jpg\",\"contentUrl\":\"https:\/\/www.2em.ch\/blog\/wp-content\/uploads\/2020\/04\/cropped-logo-e1570472900624.jpg\",\"width\":240,\"height\":64,\"caption\":\"Blog\"},\"image\":{\"@id\":\"https:\/\/www.2em.ch\/blog\/#\/schema\/logo\/image\/\"}},{\"@type\":\"Person\",\"@id\":\"https:\/\/www.2em.ch\/blog\/#\/schema\/person\/01bb07262c55d4d33c561d03aabfc8b0\",\"name\":\"Mariem\",\"image\":{\"@type\":\"ImageObject\",\"inLanguage\":\"fr-FR\",\"@id\":\"https:\/\/www.2em.ch\/blog\/#\/schema\/person\/image\/\",\"url\":\"https:\/\/secure.gravatar.com\/avatar\/5cb504e22fc137e13a6777fc68871c45?s=96&d=blank&r=g\",\"contentUrl\":\"https:\/\/secure.gravatar.com\/avatar\/5cb504e22fc137e13a6777fc68871c45?s=96&d=blank&r=g\",\"caption\":\"Mariem\"}}]}<\/script>\n<!-- \/ Yoast SEO plugin. -->","yoast_head_json":{"title":"Energiewende: Spin-off beschafft 1,75 Millionen Franken - Blog","robots":{"index":"index","follow":"follow","max-snippet":"max-snippet:-1","max-image-preview":"max-image-preview:large","max-video-preview":"max-video-preview:-1"},"canonical":"https:\/\/www.2em.ch\/blog\/energiewende-spin-off-beschafft-175-millionen-franken\/","og_locale":"fr_FR","og_type":"article","og_title":"Energiewende: Spin-off beschafft 1,75 Millionen Franken - Blog","og_description":"Allein der Bausektor ist f\u00fcr 39\u00a0% der gesamten CO2-Emissionen verantwortlich. Dieser hohe Wert zeigt, wie dringlich eine Senkung der CO2-Bilanz in diesem Bereich ist.","og_url":"https:\/\/www.2em.ch\/blog\/energiewende-spin-off-beschafft-175-millionen-franken\/","og_site_name":"Blog","article_published_time":"2021-07-17T08:07:53+00:00","article_modified_time":"2021-07-13T15:14:59+00:00","og_image":[{"width":640,"height":426,"url":"https:\/\/www.2em.ch\/blog\/wp-content\/uploads\/2021\/07\/buildings-768466_640.jpg","type":"image\/jpeg"}],"author":"Mariem","twitter_card":"summary_large_image","twitter_misc":{"\u00c9crit par":"Mariem","Dur\u00e9e de lecture estim\u00e9e":"2 minutes"},"schema":{"@context":"https:\/\/schema.org","@graph":[{"@type":"Article","@id":"https:\/\/www.2em.ch\/blog\/energiewende-spin-off-beschafft-175-millionen-franken\/#article","isPartOf":{"@id":"https:\/\/www.2em.ch\/blog\/energiewende-spin-off-beschafft-175-millionen-franken\/"},"author":{"name":"Mariem","@id":"https:\/\/www.2em.ch\/blog\/#\/schema\/person\/01bb07262c55d4d33c561d03aabfc8b0"},"headline":"Energiewende: Spin-off beschafft 1,75 Millionen Franken","datePublished":"2021-07-17T08:07:53+00:00","dateModified":"2021-07-13T15:14:59+00:00","mainEntityOfPage":{"@id":"https:\/\/www.2em.ch\/blog\/energiewende-spin-off-beschafft-175-millionen-franken\/"},"wordCount":502,"publisher":{"@id":"https:\/\/www.2em.ch\/blog\/#organization"},"inLanguage":"fr-FR"},{"@type":"WebPage","@id":"https:\/\/www.2em.ch\/blog\/energiewende-spin-off-beschafft-175-millionen-franken\/","url":"https:\/\/www.2em.ch\/blog\/energiewende-spin-off-beschafft-175-millionen-franken\/","name":"Energiewende: Spin-off beschafft 1,75 Millionen Franken - Blog","isPartOf":{"@id":"https:\/\/www.2em.ch\/blog\/#website"},"datePublished":"2021-07-17T08:07:53+00:00","dateModified":"2021-07-13T15:14:59+00:00","breadcrumb":{"@id":"https:\/\/www.2em.ch\/blog\/energiewende-spin-off-beschafft-175-millionen-franken\/#breadcrumb"},"inLanguage":"fr-FR","potentialAction":[{"@type":"ReadAction","target":["https:\/\/www.2em.ch\/blog\/energiewende-spin-off-beschafft-175-millionen-franken\/"]}]},{"@type":"BreadcrumbList","@id":"https:\/\/www.2em.ch\/blog\/energiewende-spin-off-beschafft-175-millionen-franken\/#breadcrumb","itemListElement":[{"@type":"ListItem","position":1,"name":"Blog carsharing","item":"https:\/\/www.2em.ch\/blog\/"},{"@type":"ListItem","position":2,"name":"Energiewende: Spin-off beschafft 1,75 Millionen Franken"}]},{"@type":"WebSite","@id":"https:\/\/www.2em.ch\/blog\/#website","url":"https:\/\/www.2em.ch\/blog\/","name":"Blog","description":"Plateforme Suisse d&#039;autopartage","publisher":{"@id":"https:\/\/www.2em.ch\/blog\/#organization"},"potentialAction":[{"@type":"SearchAction","target":{"@type":"EntryPoint","urlTemplate":"https:\/\/www.2em.ch\/blog\/?s={search_term_string}"},"query-input":"required name=search_term_string"}],"inLanguage":"fr-FR"},{"@type":"Organization","@id":"https:\/\/www.2em.ch\/blog\/#organization","name":"Blog","url":"https:\/\/www.2em.ch\/blog\/","logo":{"@type":"ImageObject","inLanguage":"fr-FR","@id":"https:\/\/www.2em.ch\/blog\/#\/schema\/logo\/image\/","url":"https:\/\/www.2em.ch\/blog\/wp-content\/uploads\/2020\/04\/cropped-logo-e1570472900624.jpg","contentUrl":"https:\/\/www.2em.ch\/blog\/wp-content\/uploads\/2020\/04\/cropped-logo-e1570472900624.jpg","width":240,"height":64,"caption":"Blog"},"image":{"@id":"https:\/\/www.2em.ch\/blog\/#\/schema\/logo\/image\/"}},{"@type":"Person","@id":"https:\/\/www.2em.ch\/blog\/#\/schema\/person\/01bb07262c55d4d33c561d03aabfc8b0","name":"Mariem","image":{"@type":"ImageObject","inLanguage":"fr-FR","@id":"https:\/\/www.2em.ch\/blog\/#\/schema\/person\/image\/","url":"https:\/\/secure.gravatar.com\/avatar\/5cb504e22fc137e13a6777fc68871c45?s=96&d=blank&r=g","contentUrl":"https:\/\/secure.gravatar.com\/avatar\/5cb504e22fc137e13a6777fc68871c45?s=96&d=blank&r=g","caption":"Mariem"}}]}},"_links":{"self":[{"href":"https:\/\/www.2em.ch\/blog\/wp-json\/wp\/v2\/posts\/923"}],"collection":[{"href":"https:\/\/www.2em.ch\/blog\/wp-json\/wp\/v2\/posts"}],"about":[{"href":"https:\/\/www.2em.ch\/blog\/wp-json\/wp\/v2\/types\/post"}],"author":[{"embeddable":true,"href":"https:\/\/www.2em.ch\/blog\/wp-json\/wp\/v2\/users\/12"}],"replies":[{"embeddable":true,"href":"https:\/\/www.2em.ch\/blog\/wp-json\/wp\/v2\/comments?post=923"}],"version-history":[{"count":3,"href":"https:\/\/www.2em.ch\/blog\/wp-json\/wp\/v2\/posts\/923\/revisions"}],"predecessor-version":[{"id":927,"href":"https:\/\/www.2em.ch\/blog\/wp-json\/wp\/v2\/posts\/923\/revisions\/927"}],"wp:featuredmedia":[{"embeddable":true,"href":"https:\/\/www.2em.ch\/blog\/wp-json\/wp\/v2\/media\/924"}],"wp:attachment":[{"href":"https:\/\/www.2em.ch\/blog\/wp-json\/wp\/v2\/media?parent=923"}],"wp:term":[{"taxonomy":"category","embeddable":true,"href":"https:\/\/www.2em.ch\/blog\/wp-json\/wp\/v2\/categories?post=923"},{"taxonomy":"post_tag","embeddable":true,"href":"https:\/\/www.2em.ch\/blog\/wp-json\/wp\/v2\/tags?post=923"}],"curies":[{"name":"wp","href":"https:\/\/api.w.org\/{rel}","templated":true}]}}