{"id":875,"date":"2021-06-29T10:10:51","date_gmt":"2021-06-29T08:10:51","guid":{"rendered":"https:\/\/www.2em.ch\/blog\/?p=875"},"modified":"2021-06-29T10:10:51","modified_gmt":"2021-06-29T08:10:51","slug":"mobilite-quotidienne-quel-type-dutilisateur-etes-vous","status":"publish","type":"post","link":"https:\/\/www.2em.ch\/blog\/mobilite-quotidienne-quel-type-dutilisateur-etes-vous\/","title":{"rendered":"Mobilit\u00e9 quotidienne : quel type d&rsquo;utilisateur \u00eates-vous ?"},"content":{"rendered":"<p>Pourquoi ne se d\u00e9place-t-on pas \u00e0 Berne comme \u00e0 Gen\u00e8ve.<\/p>\n<p><!--more--><img loading=\"lazy\" class=\"alignnone size-medium wp-image-877\" src=\"https:\/\/www.2em.ch\/blog\/wp-content\/uploads\/2021\/06\/taxi-381233_640-300x199.jpg\" alt=\"Mobilit\u00e9 quotidienne \" width=\"300\" height=\"199\" srcset=\"https:\/\/www.2em.ch\/blog\/wp-content\/uploads\/2021\/06\/taxi-381233_640-300x199.jpg 300w, https:\/\/www.2em.ch\/blog\/wp-content\/uploads\/2021\/06\/taxi-381233_640-500x333.jpg 500w, https:\/\/www.2em.ch\/blog\/wp-content\/uploads\/2021\/06\/taxi-381233_640.jpg 640w\" sizes=\"(max-width: 300px) 100vw, 300px\" \/><\/p>\n<p>Ni \u00e0 Lausanne comme \u00e0 Yverdon ? Comment la mobilit\u00e9 a-t-elle chang\u00e9 au cours de la derni\u00e8re d\u00e9cennie autour de Gen\u00e8ve, dans le canton de Vaud et l\u2019agglom\u00e9ration de Berne? La mobilit\u00e9 douce a-t-elle connu l\u2019essor qu\u2019on imagine ? Ce sont autant de questions et bien d\u2019autres qu\u2019adresse l\u2019\u00e9tude du Laboratoire de sociologie urbaine (LASUR) de l\u2019EPFL.<\/p>\n<p>Elle passe au crible la mobilit\u00e9 de la population active de trois grandes agglom\u00e9rations (Gen\u00e8ve, Lausanne et Berne), de villes de taille moyenne et de petits centres de Suisse romande, selon une m\u00e9thodologie \u00e9tablie qui permet des comparaisons g\u00e9ographiques et temporelles.<\/p>\n<p>Sur le terrain, pr\u00e8s de<strong> 5000<\/strong> personnes issues d\u2019un \u00e9chantillon repr\u00e9sentatif de la population active ont \u00e9t\u00e9 interrog\u00e9es par t\u00e9l\u00e9phone dans le Grand Gen\u00e8ve, les cantons de Vaud et Berne.<\/p>\n<p>Les analyses concernent pr\u00e9cis\u00e9ment les trois grandes agglom\u00e9rations de Gen\u00e8ve, Lausanne et Berne avec une distinction entre l\u2019urbain et le p\u00e9riurbain, les villes d\u2019Annemasse, Thonon, Nyon, Morges, Yverdon et Bienne ainsi que les petits centres de Bellegarde, Saint-Julien-en-Genevois, Cluses, Gex, Aigle et Rolle. Notons que la totalit\u00e9 des donn\u00e9es date d\u2019avant la pand\u00e9mie de Covid-19.<\/p>\n<p>L\u2019\u00e9tude offre un aper\u00e7u complet du portefeuille de mobilit\u00e9 des personnes actives sond\u00e9es \u00e0 travers leur \u00e9quipement en voiture, deux-roues (motoris\u00e9 ou non), transports publics et les d\u00e9cline selon le type de territoire r\u00e9sidentiel et l\u2019utilisation qui en est faite (travail ou hors travail).<\/p>\n<p>Comme on pouvait s\u2019y attendre, l\u2019usage au quotidien d\u2019une voiture cro\u00eet \u00e0 mesure que l\u2019on s\u2019\u00e9loigne des grands centres urbains. En revanche, si les sond\u00e9s choisissent le plus souvent un seul moyen de transport pour se rendre au travail, quand il s\u2019agit d\u2019autres motifs, ils se r\u00e9v\u00e8lent plus multimodaux, se d\u00e9placent davantage, sur de plus longues distances et plus longtemps.<\/p>\n<p>La voiture est trois fois plus utilis\u00e9e que pour se rendre au travail, le v\u00e9lo deux fois et la marche bondit, constituant souvent un loisir en soi.<\/p>\n<p>Autre \u00e9l\u00e9ment significatif\u00a0: dans les grands centres urbains, ce sont les utilisateurs quotidiens de voiture (<strong>25%<\/strong> des sond\u00e9s \u00e0 Gen\u00e8ve comme \u00e0 Berne) qui g\u00e9n\u00e8rent le plus de trafic (respectivement <strong>67%<\/strong> et <strong>70%<\/strong>).<\/p>\n<p>La proportion est moindre dans les moyens et petits centres, mais suit la m\u00eame tendance. Par exemple \u00e0 Morges <strong>47%<\/strong> des automobilistes quotidiens g\u00e9n\u00e8rent <strong>83%<\/strong> du trafic ou \u00e0 Aigle <strong>58%<\/strong> provoquent 90% du trafic. Pour autant, l\u2019enqu\u00eate montre que la majorit\u00e9 des automobilistes se montre ouverte \u00e0 la multimodalit\u00e9.<\/p>\n<h2><strong>Une typologie des actifs en 8 segments<\/strong><\/h2>\n<p>Et c\u2019est l\u00e0 toute la force de cette \u00e9tude sociologique\u00a0: elle ne consid\u00e8re pas uniquement l\u2019usage des modes de transport en tant que tel, mais les logiques qui sous-tendent les choix des individus et leurs dispositions \u00e0 l\u2019\u00e9gard de la mobilit\u00e9.<\/p>\n<p>Les chercheurs ont ainsi \u00e9tabli une typologie des logiques de choix modal, distinguant deux grands groupes de sensibilit\u00e9 diff\u00e9rente et huit types de \u00ab\u00a0mobiles\u00a0\u00bb.<\/p>\n<p>Le premier est constitu\u00e9 d\u2019actifs sensibles aux modes de d\u00e9placement : les automobilistes exclusifs (en voie de disparition et d\u00e9j\u00e0 absent de l\u2019agglom\u00e9ration bernoise), les pr\u00e9dispos\u00e9s aux transports individuels motoris\u00e9s, les pr\u00e9dispos\u00e9s aux modes individuels (voiture, mais aussi v\u00e9lo), les pr\u00e9dispos\u00e9s aux modes alternatifs (transports publics et mobilit\u00e9 douce) et les pr\u00e9dispos\u00e9s aux modes actifs (mobilit\u00e9 douce seule).<\/p>\n<p>Le second groupe est constitu\u00e9 des actifs plus attach\u00e9s \u00e0 la qualit\u00e9 : les comparateurs d\u2019efficacit\u00e9, les comparateurs de confort et les environnementalistes.<\/p>\n<blockquote class=\"blockquote\"><p>L&rsquo;identification de personnes attach\u00e9es au caract\u00e8re individuel du mode de transport, pas forc\u00e9ment motoris\u00e9, est une surprise<\/p>\n<footer class=\"blockquote-footer\">Vincent Kaufmann, professeur au Laboratoire de sociologie urbaine<\/footer>\n<\/blockquote>\n<p>C\u2019est \u00e0 la lumi\u00e8re de cette typologie que l\u2019on peut \u00e9valuer les potentiels de reports modaux. Par exemple, chez les \u00ab\u00a0environnementalistes\u00a0\u00bb qui, malgr\u00e9 leur envie d\u2019utiliser des modes non polluants, utilisent tr\u00e8s souvent la voiture dans leurs d\u00e9placements \u00ab\u00a0hors travail\u00a0\u00bb pour des questions d\u2019accessibilit\u00e9.<\/p>\n<p>Ou chez les \u00ab\u00a0pr\u00e9dispos\u00e9s aux modes individuels\u00a0\u00bb qui n\u00e9gligent paradoxalement le v\u00e9lo au profit de la voiture quasi exclusivement. Enfin, chez les \u00ab\u00a0comparateurs d\u2019efficacit\u00e9\u00a0\u00bb des moyens et petits centres urbains o\u00f9 les transports publics se montrent souvent peu comp\u00e9titifs compar\u00e9s \u00e0 la voiture et o\u00f9 le v\u00e9lo n\u2019est consid\u00e9r\u00e9 comme efficace hormis \u00e0 Berne qu\u2019\u00e0 Bienne et Yverdon.<\/p>\n<h2><strong>Le mod\u00e8le bernois<\/strong><\/h2>\n<p>Comme lors des enqu\u00eates pr\u00e9c\u00e9dentes, \u00e9galement r\u00e9alis\u00e9es par le LASUR en <strong>1994<\/strong> et <strong>2011<\/strong>, Berne fait office d\u2019exemple \u00e0 suivre. Les actifs bernois renoncent tr\u00e8s fr\u00e9quemment \u00e0 l&rsquo;utilisation de leur voiture y compris pour des motifs non pendulaires, contrairement \u00e0 Gen\u00e8ve et Lausanne.<\/p>\n<p>Est-ce une question d\u2019accessibilit\u00e9 \u00e9lev\u00e9e ou de mentalit\u00e9 d\u00e9favorable \u00e0 l\u2019usage de la voiture\u00a0? L\u2019\u00e9tude met en \u00e9vidence clairement le premier facteur \u00e0 la lumi\u00e8re des diff\u00e9rences entre Gen\u00e8ve, Lausanne et Berne.<\/p>\n<p>En effet, si on d\u00e9pla\u00e7ait les Genevois \u00e0 Berne, ils se comporteraient de mani\u00e8re similaire aux Bernois pour chacune des typologies, \u00e0 l\u2019exception de quelques automobilistes exclusifs qui persistent encore au bout du lac et ont disparu \u00e0 Berne.<\/p>\n<p>Les parts modales des Genevois en territoire bernois seraient finalement tr\u00e8s proches de celles des Bernois, d\u00e9montrant ainsi l\u2019existence d\u2019un potentiel \u00ab\u00a0r\u00e9aliste\u00a0\u00bb de report modal massif de la voiture vers les autres modes.<\/p>\n<p>Enfin, pour que ce fort potentiel de report modal mis en \u00e9vidence se concr\u00e9tise, l\u2019\u00e9tude \u00e9met des recommandations qui pourront cibler les diff\u00e9rents types d\u2019usagers mobiles. Elles vont du contr\u00f4le renforc\u00e9 du stationnement \u00e0 des itin\u00e9raires v\u00e9los continus et s\u00e9curis\u00e9s, en passant par une politique de stationnement du domaine priv\u00e9, l\u2019am\u00e9lioration du confort des usagers des transports publics, une tarification plus incitative pour les voyageurs occasionnels des transports publics ou une politique de report modal sp\u00e9cifique au v\u00e9lo.<\/p>\n<p><strong>Source:\u00a0<\/strong><a href=\"https:\/\/actu.epfl.ch\/search\/mediacom\/fr\">EPFL<\/a><\/p>\n","protected":false},"excerpt":{"rendered":"<p>Pourquoi ne se d\u00e9place-t-on pas \u00e0 Berne comme \u00e0 Gen\u00e8ve.<\/p>\n","protected":false},"author":12,"featured_media":877,"comment_status":"closed","ping_status":"closed","sticky":false,"template":"","format":"gallery","meta":[],"categories":[3],"tags":[],"yoast_head":"<!-- This site is optimized with the Yoast SEO plugin v19.9 - https:\/\/yoast.com\/wordpress\/plugins\/seo\/ -->\n<title>Mobilit\u00e9 quotidienne : quel type d&#039;utilisateur \u00eates-vous ? - Blog<\/title>\n<meta name=\"robots\" content=\"index, follow, max-snippet:-1, max-image-preview:large, max-video-preview:-1\" \/>\n<link rel=\"canonical\" href=\"https:\/\/www.2em.ch\/blog\/mobilite-quotidienne-quel-type-dutilisateur-etes-vous\/\" \/>\n<meta property=\"og:locale\" content=\"fr_FR\" \/>\n<meta property=\"og:type\" content=\"article\" \/>\n<meta property=\"og:title\" content=\"Mobilit\u00e9 quotidienne : quel type d&#039;utilisateur \u00eates-vous ? - Blog\" \/>\n<meta property=\"og:description\" content=\"Pourquoi ne se d\u00e9place-t-on pas \u00e0 Berne comme \u00e0 Gen\u00e8ve.\" \/>\n<meta property=\"og:url\" content=\"https:\/\/www.2em.ch\/blog\/mobilite-quotidienne-quel-type-dutilisateur-etes-vous\/\" \/>\n<meta property=\"og:site_name\" content=\"Blog\" \/>\n<meta property=\"article:published_time\" content=\"2021-06-29T08:10:51+00:00\" \/>\n<meta property=\"og:image\" content=\"https:\/\/www.2em.ch\/blog\/wp-content\/uploads\/2021\/06\/taxi-381233_640.jpg\" \/>\n\t<meta property=\"og:image:width\" content=\"640\" \/>\n\t<meta property=\"og:image:height\" content=\"425\" \/>\n\t<meta property=\"og:image:type\" content=\"image\/jpeg\" \/>\n<meta name=\"author\" content=\"Mariem\" \/>\n<meta name=\"twitter:card\" content=\"summary_large_image\" \/>\n<meta name=\"twitter:label1\" content=\"\u00c9crit par\" \/>\n\t<meta name=\"twitter:data1\" content=\"Mariem\" \/>\n\t<meta name=\"twitter:label2\" content=\"Dur\u00e9e de lecture estim\u00e9e\" \/>\n\t<meta name=\"twitter:data2\" content=\"5 minutes\" \/>\n<script type=\"application\/ld+json\" class=\"yoast-schema-graph\">{\"@context\":\"https:\/\/schema.org\",\"@graph\":[{\"@type\":\"Article\",\"@id\":\"https:\/\/www.2em.ch\/blog\/mobilite-quotidienne-quel-type-dutilisateur-etes-vous\/#article\",\"isPartOf\":{\"@id\":\"https:\/\/www.2em.ch\/blog\/mobilite-quotidienne-quel-type-dutilisateur-etes-vous\/\"},\"author\":{\"name\":\"Mariem\",\"@id\":\"https:\/\/www.2em.ch\/blog\/#\/schema\/person\/01bb07262c55d4d33c561d03aabfc8b0\"},\"headline\":\"Mobilit\u00e9 quotidienne : quel type d&rsquo;utilisateur \u00eates-vous ?\",\"datePublished\":\"2021-06-29T08:10:51+00:00\",\"dateModified\":\"2021-06-29T08:10:51+00:00\",\"mainEntityOfPage\":{\"@id\":\"https:\/\/www.2em.ch\/blog\/mobilite-quotidienne-quel-type-dutilisateur-etes-vous\/\"},\"wordCount\":1029,\"publisher\":{\"@id\":\"https:\/\/www.2em.ch\/blog\/#organization\"},\"articleSection\":[\"Mobilit\u00e9\"],\"inLanguage\":\"fr-FR\"},{\"@type\":\"WebPage\",\"@id\":\"https:\/\/www.2em.ch\/blog\/mobilite-quotidienne-quel-type-dutilisateur-etes-vous\/\",\"url\":\"https:\/\/www.2em.ch\/blog\/mobilite-quotidienne-quel-type-dutilisateur-etes-vous\/\",\"name\":\"Mobilit\u00e9 quotidienne : quel type d'utilisateur \u00eates-vous ? - Blog\",\"isPartOf\":{\"@id\":\"https:\/\/www.2em.ch\/blog\/#website\"},\"datePublished\":\"2021-06-29T08:10:51+00:00\",\"dateModified\":\"2021-06-29T08:10:51+00:00\",\"breadcrumb\":{\"@id\":\"https:\/\/www.2em.ch\/blog\/mobilite-quotidienne-quel-type-dutilisateur-etes-vous\/#breadcrumb\"},\"inLanguage\":\"fr-FR\",\"potentialAction\":[{\"@type\":\"ReadAction\",\"target\":[\"https:\/\/www.2em.ch\/blog\/mobilite-quotidienne-quel-type-dutilisateur-etes-vous\/\"]}]},{\"@type\":\"BreadcrumbList\",\"@id\":\"https:\/\/www.2em.ch\/blog\/mobilite-quotidienne-quel-type-dutilisateur-etes-vous\/#breadcrumb\",\"itemListElement\":[{\"@type\":\"ListItem\",\"position\":1,\"name\":\"Blog carsharing\",\"item\":\"https:\/\/www.2em.ch\/blog\/\"},{\"@type\":\"ListItem\",\"position\":2,\"name\":\"Mobilit\u00e9 quotidienne : quel type d&rsquo;utilisateur \u00eates-vous ?\"}]},{\"@type\":\"WebSite\",\"@id\":\"https:\/\/www.2em.ch\/blog\/#website\",\"url\":\"https:\/\/www.2em.ch\/blog\/\",\"name\":\"Blog\",\"description\":\"Plateforme Suisse d&#039;autopartage\",\"publisher\":{\"@id\":\"https:\/\/www.2em.ch\/blog\/#organization\"},\"potentialAction\":[{\"@type\":\"SearchAction\",\"target\":{\"@type\":\"EntryPoint\",\"urlTemplate\":\"https:\/\/www.2em.ch\/blog\/?s={search_term_string}\"},\"query-input\":\"required name=search_term_string\"}],\"inLanguage\":\"fr-FR\"},{\"@type\":\"Organization\",\"@id\":\"https:\/\/www.2em.ch\/blog\/#organization\",\"name\":\"Blog\",\"url\":\"https:\/\/www.2em.ch\/blog\/\",\"logo\":{\"@type\":\"ImageObject\",\"inLanguage\":\"fr-FR\",\"@id\":\"https:\/\/www.2em.ch\/blog\/#\/schema\/logo\/image\/\",\"url\":\"https:\/\/www.2em.ch\/blog\/wp-content\/uploads\/2020\/04\/cropped-logo-e1570472900624.jpg\",\"contentUrl\":\"https:\/\/www.2em.ch\/blog\/wp-content\/uploads\/2020\/04\/cropped-logo-e1570472900624.jpg\",\"width\":240,\"height\":64,\"caption\":\"Blog\"},\"image\":{\"@id\":\"https:\/\/www.2em.ch\/blog\/#\/schema\/logo\/image\/\"}},{\"@type\":\"Person\",\"@id\":\"https:\/\/www.2em.ch\/blog\/#\/schema\/person\/01bb07262c55d4d33c561d03aabfc8b0\",\"name\":\"Mariem\",\"image\":{\"@type\":\"ImageObject\",\"inLanguage\":\"fr-FR\",\"@id\":\"https:\/\/www.2em.ch\/blog\/#\/schema\/person\/image\/\",\"url\":\"https:\/\/secure.gravatar.com\/avatar\/5cb504e22fc137e13a6777fc68871c45?s=96&d=blank&r=g\",\"contentUrl\":\"https:\/\/secure.gravatar.com\/avatar\/5cb504e22fc137e13a6777fc68871c45?s=96&d=blank&r=g\",\"caption\":\"Mariem\"}}]}<\/script>\n<!-- \/ Yoast SEO plugin. -->","yoast_head_json":{"title":"Mobilit\u00e9 quotidienne : quel type d'utilisateur \u00eates-vous ? - Blog","robots":{"index":"index","follow":"follow","max-snippet":"max-snippet:-1","max-image-preview":"max-image-preview:large","max-video-preview":"max-video-preview:-1"},"canonical":"https:\/\/www.2em.ch\/blog\/mobilite-quotidienne-quel-type-dutilisateur-etes-vous\/","og_locale":"fr_FR","og_type":"article","og_title":"Mobilit\u00e9 quotidienne : quel type d'utilisateur \u00eates-vous ? - Blog","og_description":"Pourquoi ne se d\u00e9place-t-on pas \u00e0 Berne comme \u00e0 Gen\u00e8ve.","og_url":"https:\/\/www.2em.ch\/blog\/mobilite-quotidienne-quel-type-dutilisateur-etes-vous\/","og_site_name":"Blog","article_published_time":"2021-06-29T08:10:51+00:00","og_image":[{"width":640,"height":425,"url":"https:\/\/www.2em.ch\/blog\/wp-content\/uploads\/2021\/06\/taxi-381233_640.jpg","type":"image\/jpeg"}],"author":"Mariem","twitter_card":"summary_large_image","twitter_misc":{"\u00c9crit par":"Mariem","Dur\u00e9e de lecture estim\u00e9e":"5 minutes"},"schema":{"@context":"https:\/\/schema.org","@graph":[{"@type":"Article","@id":"https:\/\/www.2em.ch\/blog\/mobilite-quotidienne-quel-type-dutilisateur-etes-vous\/#article","isPartOf":{"@id":"https:\/\/www.2em.ch\/blog\/mobilite-quotidienne-quel-type-dutilisateur-etes-vous\/"},"author":{"name":"Mariem","@id":"https:\/\/www.2em.ch\/blog\/#\/schema\/person\/01bb07262c55d4d33c561d03aabfc8b0"},"headline":"Mobilit\u00e9 quotidienne : quel type d&rsquo;utilisateur \u00eates-vous ?","datePublished":"2021-06-29T08:10:51+00:00","dateModified":"2021-06-29T08:10:51+00:00","mainEntityOfPage":{"@id":"https:\/\/www.2em.ch\/blog\/mobilite-quotidienne-quel-type-dutilisateur-etes-vous\/"},"wordCount":1029,"publisher":{"@id":"https:\/\/www.2em.ch\/blog\/#organization"},"articleSection":["Mobilit\u00e9"],"inLanguage":"fr-FR"},{"@type":"WebPage","@id":"https:\/\/www.2em.ch\/blog\/mobilite-quotidienne-quel-type-dutilisateur-etes-vous\/","url":"https:\/\/www.2em.ch\/blog\/mobilite-quotidienne-quel-type-dutilisateur-etes-vous\/","name":"Mobilit\u00e9 quotidienne : quel type d'utilisateur \u00eates-vous ? - Blog","isPartOf":{"@id":"https:\/\/www.2em.ch\/blog\/#website"},"datePublished":"2021-06-29T08:10:51+00:00","dateModified":"2021-06-29T08:10:51+00:00","breadcrumb":{"@id":"https:\/\/www.2em.ch\/blog\/mobilite-quotidienne-quel-type-dutilisateur-etes-vous\/#breadcrumb"},"inLanguage":"fr-FR","potentialAction":[{"@type":"ReadAction","target":["https:\/\/www.2em.ch\/blog\/mobilite-quotidienne-quel-type-dutilisateur-etes-vous\/"]}]},{"@type":"BreadcrumbList","@id":"https:\/\/www.2em.ch\/blog\/mobilite-quotidienne-quel-type-dutilisateur-etes-vous\/#breadcrumb","itemListElement":[{"@type":"ListItem","position":1,"name":"Blog carsharing","item":"https:\/\/www.2em.ch\/blog\/"},{"@type":"ListItem","position":2,"name":"Mobilit\u00e9 quotidienne : quel type d&rsquo;utilisateur \u00eates-vous ?"}]},{"@type":"WebSite","@id":"https:\/\/www.2em.ch\/blog\/#website","url":"https:\/\/www.2em.ch\/blog\/","name":"Blog","description":"Plateforme Suisse d&#039;autopartage","publisher":{"@id":"https:\/\/www.2em.ch\/blog\/#organization"},"potentialAction":[{"@type":"SearchAction","target":{"@type":"EntryPoint","urlTemplate":"https:\/\/www.2em.ch\/blog\/?s={search_term_string}"},"query-input":"required name=search_term_string"}],"inLanguage":"fr-FR"},{"@type":"Organization","@id":"https:\/\/www.2em.ch\/blog\/#organization","name":"Blog","url":"https:\/\/www.2em.ch\/blog\/","logo":{"@type":"ImageObject","inLanguage":"fr-FR","@id":"https:\/\/www.2em.ch\/blog\/#\/schema\/logo\/image\/","url":"https:\/\/www.2em.ch\/blog\/wp-content\/uploads\/2020\/04\/cropped-logo-e1570472900624.jpg","contentUrl":"https:\/\/www.2em.ch\/blog\/wp-content\/uploads\/2020\/04\/cropped-logo-e1570472900624.jpg","width":240,"height":64,"caption":"Blog"},"image":{"@id":"https:\/\/www.2em.ch\/blog\/#\/schema\/logo\/image\/"}},{"@type":"Person","@id":"https:\/\/www.2em.ch\/blog\/#\/schema\/person\/01bb07262c55d4d33c561d03aabfc8b0","name":"Mariem","image":{"@type":"ImageObject","inLanguage":"fr-FR","@id":"https:\/\/www.2em.ch\/blog\/#\/schema\/person\/image\/","url":"https:\/\/secure.gravatar.com\/avatar\/5cb504e22fc137e13a6777fc68871c45?s=96&d=blank&r=g","contentUrl":"https:\/\/secure.gravatar.com\/avatar\/5cb504e22fc137e13a6777fc68871c45?s=96&d=blank&r=g","caption":"Mariem"}}]}},"_links":{"self":[{"href":"https:\/\/www.2em.ch\/blog\/wp-json\/wp\/v2\/posts\/875"}],"collection":[{"href":"https:\/\/www.2em.ch\/blog\/wp-json\/wp\/v2\/posts"}],"about":[{"href":"https:\/\/www.2em.ch\/blog\/wp-json\/wp\/v2\/types\/post"}],"author":[{"embeddable":true,"href":"https:\/\/www.2em.ch\/blog\/wp-json\/wp\/v2\/users\/12"}],"replies":[{"embeddable":true,"href":"https:\/\/www.2em.ch\/blog\/wp-json\/wp\/v2\/comments?post=875"}],"version-history":[{"count":2,"href":"https:\/\/www.2em.ch\/blog\/wp-json\/wp\/v2\/posts\/875\/revisions"}],"predecessor-version":[{"id":879,"href":"https:\/\/www.2em.ch\/blog\/wp-json\/wp\/v2\/posts\/875\/revisions\/879"}],"wp:featuredmedia":[{"embeddable":true,"href":"https:\/\/www.2em.ch\/blog\/wp-json\/wp\/v2\/media\/877"}],"wp:attachment":[{"href":"https:\/\/www.2em.ch\/blog\/wp-json\/wp\/v2\/media?parent=875"}],"wp:term":[{"taxonomy":"category","embeddable":true,"href":"https:\/\/www.2em.ch\/blog\/wp-json\/wp\/v2\/categories?post=875"},{"taxonomy":"post_tag","embeddable":true,"href":"https:\/\/www.2em.ch\/blog\/wp-json\/wp\/v2\/tags?post=875"}],"curies":[{"name":"wp","href":"https:\/\/api.w.org\/{rel}","templated":true}]}}