{"id":742,"date":"2020-10-28T09:55:18","date_gmt":"2020-10-28T08:55:18","guid":{"rendered":"https:\/\/www.2em.ch\/blog\/?p=742"},"modified":"2021-02-02T15:04:37","modified_gmt":"2021-02-02T14:04:37","slug":"road-trip-en-suisse-au-depart-de-zurich","status":"publish","type":"post","link":"https:\/\/www.2em.ch\/blog\/road-trip-en-suisse-au-depart-de-zurich\/","title":{"rendered":"Road trip en Suisse au d\u00e9part de Zurich"},"content":{"rendered":"\n<p><br>\nUn road trip en Suisse, c\u2019est s\u2019offrir le bonheur de go\u00fbter aux joies de la conduite dans les Alpes. Bien que parsem\u00e9 de montagnes, le territoire de la Conf\u00e9d\u00e9ration helv\u00e9tique se parcourt en tr\u00e8s peu de temps. Pour ce p\u00e9riple en voiture riche en d\u00e9couvertes, vous pouvez partir de Zurich \u00e0 l\u2019assaut des plus endroits de ce pays de charme. Voici une id\u00e9e d\u2019itin\u00e9raire lors de votre escapade par la route \u00e0 la d\u00e9couverte de la destination helv\u00e9tique depuis cette ville de charme. <br>\n<\/p>\n\n\n\n<!--more-->\n\n\n\n<h2>Zurich : point de d\u00e9part id\u00e9al pour un road trip en Suisse&nbsp;<\/h2>\n\n\n\n<figure class=\"wp-block-image\"><img loading=\"lazy\" width=\"640\" height=\"281\" src=\"https:\/\/www.2em.ch\/blog\/wp-content\/uploads\/2020\/10\/volodymyr-bahrii-opXysL_q9yg-unsplash.jpg\" alt=\"zurich\" class=\"wp-image-743\" srcset=\"https:\/\/www.2em.ch\/blog\/wp-content\/uploads\/2020\/10\/volodymyr-bahrii-opXysL_q9yg-unsplash.jpg 640w, https:\/\/www.2em.ch\/blog\/wp-content\/uploads\/2020\/10\/volodymyr-bahrii-opXysL_q9yg-unsplash-300x132.jpg 300w\" sizes=\"(max-width: 640px) 100vw, 640px\" \/><\/figure>\n\n\n\n<p><br> En choisissant <a href=\"https:\/\/www.2em.ch\/blog\/guide-touristique-de-la-ville-de-zurich\/\">Zurich comme point de d\u00e9part de votre road trip<\/a> en Suisse, vous aurez l\u2019opportunit\u00e9 de visiter plusieurs sites et profiter de nombreuses autres activit\u00e9s. La cit\u00e9 zurichoise compte de magnifiques cath\u00e9drales que vous pouvez contempler \u00e0 l\u2019occasion de votre s\u00e9jour. En prenant la direction de la vieille ville, vous d\u00e9couvrirez davantage de monuments et d\u2019attraits de cette magnifique destination. Les adeptes de shopping peuvent quant \u00e0 eux se rendre du c\u00f4t\u00e9 de la Bahnhofstrasse pour acheter quelques articles en guise de souvenir de leur voyage. Apr\u00e8s avoir pass\u00e9 1 ou deux jours dans la grande m\u00e9tropole de la Suisse, dirigez-vous vers Lausanne en passant par Berne. <br> <\/p>\n\n\n\n<h2>Berne-Lausanne&nbsp;<\/h2>\n\n\n\n<p><br> Pour cette \u00e9tape qui vous m\u00e8ne au Lac L\u00e9man et \u00e0 Lausanne, vous devez absolument passer par Berne. Connue pour son patrimoine m\u00e9di\u00e9val exceptionnel, la capitale de la Suisse est une destination qui regorge de tr\u00e9sors \u00e0 d\u00e9couvrir. Vous prendrez un r\u00e9el plaisir \u00e0 vous balader dans ses petites rues qui abritent de tr\u00e8s belles boutiques. <\/p>\n\n\n\n<p><br> Depuis Berne, il vous faut environ 2 h 30 pour parcourir les 220 km qui la s\u00e9parent de Lausanne. Malgr\u00e9 sa petite taille, la capitale du canton du Vaud est dot\u00e9e d\u2019un m\u00e9tro. Pour la d\u00e9couverte de cette ville, vous pouvez par cons\u00e9quent utiliser ce moyen de transport en laissant votre v\u00e9hicule au parking. Il existe une multitude d\u2019activit\u00e9s \u00e0 faire dans cette surprenante cit\u00e9. Si vous \u00eates un amoureux de culture, vous appr\u00e9cierez \u00e0 sa juste valeur une visite du mus\u00e9e Olympique. <\/p>\n\n\n\n<p>La Cath\u00e9drale de Lausanne fait \u00e9galement partie des attractions de cette destination. Que direz-vous de ravir les papilles en d\u00e9gustant quelques sp\u00e9cialit\u00e9s culinaires locales dans un restaurant avec vue imprenable sur le c\u00e9l\u00e8bre lac L\u00e9man ? <br> <\/p>\n\n\n\n<h2>Lausanne- Gstaad&nbsp;<\/h2>\n\n\n\n<figure class=\"wp-block-image\"><img loading=\"lazy\" width=\"640\" height=\"427\" src=\"https:\/\/www.2em.ch\/blog\/wp-content\/uploads\/2020\/10\/jana-leu-emuKZpmV9nA-unsplash-1.jpg\" alt=\"minivan\" class=\"wp-image-744\" srcset=\"https:\/\/www.2em.ch\/blog\/wp-content\/uploads\/2020\/10\/jana-leu-emuKZpmV9nA-unsplash-1.jpg 640w, https:\/\/www.2em.ch\/blog\/wp-content\/uploads\/2020\/10\/jana-leu-emuKZpmV9nA-unsplash-1-300x200.jpg 300w, https:\/\/www.2em.ch\/blog\/wp-content\/uploads\/2020\/10\/jana-leu-emuKZpmV9nA-unsplash-1-500x333.jpg 500w\" sizes=\"(max-width: 640px) 100vw, 640px\" \/><\/figure>\n\n\n\n<p><br> Pour une aventure en montagne, prenez la direction de la charmante station de ski de Gstaad <a href=\"https:\/\/www.2em.ch\/location-voiture\/lausanne\">\u00e0 partir de Lausanne<\/a>. Lorsque vous quittez la capitale du Vaud, il faut 90 minutes pour effectuer les 85 km de route pour arriver dans cette cit\u00e9. Tr\u00e8s pris\u00e9e par les jet-setters, les c\u00e9l\u00e9brit\u00e9s et la haute soci\u00e9t\u00e9, cette destination ne manque pas d\u2019atouts. Gstaad et sa r\u00e9gion offrent un cadre d\u2019exception pour les balades \u00e0 la montagne en famille, entre amis ou en amoureux. <\/p>\n\n\n\n<p>L\u2019endroit est \u00e9galement un terrain de jeu propice pour la pratique d\u2019une palette d\u2019activit\u00e9s de plein air. Que vous soyez un skieur confirm\u00e9 ou d\u00e9butant, vous y aurez le privil\u00e8ge de go\u00fbter \u00e0 la glisse sous toutes ses formes. Cette cit\u00e9 conna\u00eet une animation particuli\u00e8re tout au long de l\u2019ann\u00e9e. <\/p>\n\n\n\n<p><br> Lors de votre passage, vous aurez l\u2019opportunit\u00e9 de participer \u00e0 des festivals festifs, sportifs et musicaux. On peut notamment citer le tournoi de beach-volley, le festival de montgolfi\u00e8res, Z\u00fcgele Party ou encore les Sommets Musicaux de Gstaad.&nbsp;<\/p>\n\n\n\n<p><br> Pour une aventure en montagne, prenez la direction de la charmante station de ski de Gstaad \u00e0 partir de Lausanne. Lorsque vous quittez la capitale du Vaud, il faut 90 minutes pour effectuer les 85 km de route pour arriver dans cette cit\u00e9. Tr\u00e8s pris\u00e9e par les jet-setters, les c\u00e9l\u00e9brit\u00e9s et la haute soci\u00e9t\u00e9, cette destination ne manque pas d\u2019atouts. Gstaad et sa r\u00e9gion offrent un cadre d\u2019exception pour les balades \u00e0 la montagne en famille, entre amis ou en amoureux. L\u2019endroit est \u00e9galement un terrain de jeu propice pour la pratique d\u2019une palette d\u2019activit\u00e9s de plein air. Que vous soyez un skieur confirm\u00e9 ou d\u00e9butant, vous y aurez le privil\u00e8ge de go\u00fbter \u00e0 la glisse sous toutes ses formes. Cette cit\u00e9 conna\u00eet une animation particuli\u00e8re tout au long de l\u2019ann\u00e9e. <\/p>\n\n\n\n<p><br> Lors de votre passage, vous aurez l\u2019opportunit\u00e9 de participer \u00e0 des festivals festifs, sportifs et musicaux. On peut notamment citer le tournoi de beach-volley, le festival de montgolfi\u00e8res, Z\u00fcgele Party ou encore les Sommets Musicaux de Gstaad.&nbsp;<\/p>\n\n\n\n<h2>Gstaad- Lauterbrunnen<\/h2>\n\n\n\n<figure class=\"wp-block-image\"><img loading=\"lazy\" width=\"648\" height=\"484\" src=\"https:\/\/www.2em.ch\/blog\/wp-content\/uploads\/2020\/10\/hot-air-ballooning-in-the-swiss-alps_t20_plpZwe.jpg\" alt=\"\" class=\"wp-image-746\" srcset=\"https:\/\/www.2em.ch\/blog\/wp-content\/uploads\/2020\/10\/hot-air-ballooning-in-the-swiss-alps_t20_plpZwe.jpg 648w, https:\/\/www.2em.ch\/blog\/wp-content\/uploads\/2020\/10\/hot-air-ballooning-in-the-swiss-alps_t20_plpZwe-300x224.jpg 300w\" sizes=\"(max-width: 648px) 100vw, 648px\" \/><\/figure>\n\n\n\n<p><br> Apr\u00e8s quelques bons moments \u00e0 Gstaad, mettez le cap sur l\u2019authentique village de Lauterbrunnen. Entre ces destinations, le trajet de 80 km se parcourt en 1 heure 30 minutes. De nombreuses surprises vous attendent dans cette cit\u00e9 r\u00e9put\u00e9e pour ses chutes d\u2019eau impressionnantes et son d\u00e9cor bucolique alpin. Si les chutes Staubbach attirent le plus de visiteurs par leur importance, celles de Tr\u00fcmmelbach ne manquent pas d\u2019attrait. Elles constituent les chutes souterraines les plus hautes du continent europ\u00e9en que vous pourrez admirer pendant votre road trip en Suisse. <br> <\/p>\n\n\n\n<p>La visite de Jungfrau, station de montagne europ\u00e9enne la plus \u00e9lev\u00e9e est en outre une phase cruciale de l\u2019\u00e9tape de Lauterbrunnen. Il faut prendre le train pour y arriver et ensuite un t\u00e9l\u00e9ph\u00e9rique pour atteindre le point de vue de Schilthorn. Depuis cette position, vous profitez de panoramas \u00e9poustouflants sur une quarantaine de sommets et une vingtaine de glaciers. Le spectacle qui s\u2019offre \u00e0 vous est tout simplement hallucinant. <br>\n<\/p>\n\n\n\n<h2>Lauterbrunnen -Zermatt <\/h2>\n\n\n\n<p><br> Terminez votre <a href=\"https:\/\/www.2em.ch\/blog\/road-trip-en-suisse-en-mini-van-les-endroits-incontournables-a-visiter\/\">raod trip en Suisse<\/a> en rejoignant Zermatt en proveance de Lauterbrunnen. Nich\u00e9 \u00e0 plus de 1620 m\u00e8tres d\u2019altitude, ce village enchanteur est interdit \u00e0 la circulation des v\u00e9hicules \u00e0 moteur. Pour y acc\u00e9der, vous devez laisser votre voiture \u00e0 T\u00e4sch et continuer le trajet en train. Vous descendez au terminal de Matterhorn avant de vous rendre dans cette <a href=\"https:\/\/www.2em.ch\/blog\/comment-skier-en-suisse-sans-depenser-beaucoup-dargent\/\">station de ski embl\u00e9matique<\/a>. La renomm\u00e9e de Zermatt r\u00e9side dans ses pistes qui restent praticables en toute saison de l\u2019ann\u00e9e. Les possibilit\u00e9s ne manquent pas si vous n\u2019\u00eates pas un adepte du ski. Il est, en effet, possible d\u2019y organiser une randonn\u00e9e d\u2019une heure. Au cours de celle-ci, vous pourrez contempler des attractions comme les torrents, les magnifiques \u00e9tables traditionnelles ou encore les chutes d\u2019eau. <br> <\/p>\n\n\n\n<p>Par ailleurs, une promenade au centre historique de Zermatt vous permettra d\u2019admirer des \u00e9tables ainsi que des habitations vieilles de 500 ans pour certaines. Pour en savoir davantage sur l\u2019histoire tragique du Matterhorn, n\u2019h\u00e9sitez pas \u00e0 faire un tour au mus\u00e9e qui porte son nom. <br>\n<\/p>\n","protected":false},"excerpt":{"rendered":"<p>Un road trip en Suisse, c\u2019est s\u2019offrir le bonheur de go\u00fbter aux joies de la conduite dans les Alpes. Bien que parsem\u00e9 de montagnes, le territoire de la Conf\u00e9d\u00e9ration helv\u00e9tique&#8230;<\/p>\n","protected":false},"author":11,"featured_media":824,"comment_status":"closed","ping_status":"closed","sticky":false,"template":"","format":"gallery","meta":[],"categories":[1],"tags":[],"yoast_head":"<!-- This site is optimized with the Yoast SEO plugin v19.9 - https:\/\/yoast.com\/wordpress\/plugins\/seo\/ -->\n<title>Road trip en Suisse au d\u00e9part de Zurich - Blog<\/title>\n<meta name=\"robots\" content=\"index, follow, max-snippet:-1, max-image-preview:large, max-video-preview:-1\" \/>\n<link rel=\"canonical\" href=\"https:\/\/www.2em.ch\/blog\/road-trip-en-suisse-au-depart-de-zurich\/\" \/>\n<meta property=\"og:locale\" content=\"fr_FR\" \/>\n<meta property=\"og:type\" content=\"article\" \/>\n<meta property=\"og:title\" content=\"Road trip en Suisse au d\u00e9part de Zurich - Blog\" \/>\n<meta property=\"og:description\" content=\"Un road trip en Suisse, c\u2019est s\u2019offrir le bonheur de go\u00fbter aux joies de la conduite dans les Alpes. Bien que parsem\u00e9 de montagnes, le territoire de la Conf\u00e9d\u00e9ration helv\u00e9tique...\" \/>\n<meta property=\"og:url\" content=\"https:\/\/www.2em.ch\/blog\/road-trip-en-suisse-au-depart-de-zurich\/\" \/>\n<meta property=\"og:site_name\" content=\"Blog\" \/>\n<meta property=\"article:published_time\" content=\"2020-10-28T08:55:18+00:00\" \/>\n<meta property=\"article:modified_time\" content=\"2021-02-02T14:04:37+00:00\" \/>\n<meta property=\"og:image\" content=\"https:\/\/www.2em.ch\/blog\/wp-content\/uploads\/2021\/02\/friends-in-a-car_t20_GRwz9E.jpg\" \/>\n\t<meta property=\"og:image:width\" content=\"640\" \/>\n\t<meta property=\"og:image:height\" content=\"480\" \/>\n\t<meta property=\"og:image:type\" content=\"image\/jpeg\" \/>\n<meta name=\"author\" content=\"Michael\" \/>\n<meta name=\"twitter:card\" content=\"summary_large_image\" \/>\n<meta name=\"twitter:label1\" content=\"\u00c9crit par\" \/>\n\t<meta name=\"twitter:data1\" content=\"Michael\" \/>\n\t<meta name=\"twitter:label2\" content=\"Dur\u00e9e de lecture estim\u00e9e\" \/>\n\t<meta name=\"twitter:data2\" content=\"6 minutes\" \/>\n<script type=\"application\/ld+json\" class=\"yoast-schema-graph\">{\"@context\":\"https:\/\/schema.org\",\"@graph\":[{\"@type\":\"Article\",\"@id\":\"https:\/\/www.2em.ch\/blog\/road-trip-en-suisse-au-depart-de-zurich\/#article\",\"isPartOf\":{\"@id\":\"https:\/\/www.2em.ch\/blog\/road-trip-en-suisse-au-depart-de-zurich\/\"},\"author\":{\"name\":\"Michael\",\"@id\":\"https:\/\/www.2em.ch\/blog\/#\/schema\/person\/35abc3aa6d312e96aeab72169c4eb27a\"},\"headline\":\"Road trip en Suisse au d\u00e9part de Zurich\",\"datePublished\":\"2020-10-28T08:55:18+00:00\",\"dateModified\":\"2021-02-02T14:04:37+00:00\",\"mainEntityOfPage\":{\"@id\":\"https:\/\/www.2em.ch\/blog\/road-trip-en-suisse-au-depart-de-zurich\/\"},\"wordCount\":1160,\"publisher\":{\"@id\":\"https:\/\/www.2em.ch\/blog\/#organization\"},\"articleSection\":[\"2EM Lifestyle\"],\"inLanguage\":\"fr-FR\"},{\"@type\":\"WebPage\",\"@id\":\"https:\/\/www.2em.ch\/blog\/road-trip-en-suisse-au-depart-de-zurich\/\",\"url\":\"https:\/\/www.2em.ch\/blog\/road-trip-en-suisse-au-depart-de-zurich\/\",\"name\":\"Road trip en Suisse au d\u00e9part de Zurich - Blog\",\"isPartOf\":{\"@id\":\"https:\/\/www.2em.ch\/blog\/#website\"},\"datePublished\":\"2020-10-28T08:55:18+00:00\",\"dateModified\":\"2021-02-02T14:04:37+00:00\",\"breadcrumb\":{\"@id\":\"https:\/\/www.2em.ch\/blog\/road-trip-en-suisse-au-depart-de-zurich\/#breadcrumb\"},\"inLanguage\":\"fr-FR\",\"potentialAction\":[{\"@type\":\"ReadAction\",\"target\":[\"https:\/\/www.2em.ch\/blog\/road-trip-en-suisse-au-depart-de-zurich\/\"]}]},{\"@type\":\"BreadcrumbList\",\"@id\":\"https:\/\/www.2em.ch\/blog\/road-trip-en-suisse-au-depart-de-zurich\/#breadcrumb\",\"itemListElement\":[{\"@type\":\"ListItem\",\"position\":1,\"name\":\"Blog carsharing\",\"item\":\"https:\/\/www.2em.ch\/blog\/\"},{\"@type\":\"ListItem\",\"position\":2,\"name\":\"Road trip en Suisse au d\u00e9part de Zurich\"}]},{\"@type\":\"WebSite\",\"@id\":\"https:\/\/www.2em.ch\/blog\/#website\",\"url\":\"https:\/\/www.2em.ch\/blog\/\",\"name\":\"Blog\",\"description\":\"Plateforme Suisse d&#039;autopartage\",\"publisher\":{\"@id\":\"https:\/\/www.2em.ch\/blog\/#organization\"},\"potentialAction\":[{\"@type\":\"SearchAction\",\"target\":{\"@type\":\"EntryPoint\",\"urlTemplate\":\"https:\/\/www.2em.ch\/blog\/?s={search_term_string}\"},\"query-input\":\"required name=search_term_string\"}],\"inLanguage\":\"fr-FR\"},{\"@type\":\"Organization\",\"@id\":\"https:\/\/www.2em.ch\/blog\/#organization\",\"name\":\"Blog\",\"url\":\"https:\/\/www.2em.ch\/blog\/\",\"logo\":{\"@type\":\"ImageObject\",\"inLanguage\":\"fr-FR\",\"@id\":\"https:\/\/www.2em.ch\/blog\/#\/schema\/logo\/image\/\",\"url\":\"https:\/\/www.2em.ch\/blog\/wp-content\/uploads\/2020\/04\/cropped-logo-e1570472900624.jpg\",\"contentUrl\":\"https:\/\/www.2em.ch\/blog\/wp-content\/uploads\/2020\/04\/cropped-logo-e1570472900624.jpg\",\"width\":240,\"height\":64,\"caption\":\"Blog\"},\"image\":{\"@id\":\"https:\/\/www.2em.ch\/blog\/#\/schema\/logo\/image\/\"}},{\"@type\":\"Person\",\"@id\":\"https:\/\/www.2em.ch\/blog\/#\/schema\/person\/35abc3aa6d312e96aeab72169c4eb27a\",\"name\":\"Michael\",\"image\":{\"@type\":\"ImageObject\",\"inLanguage\":\"fr-FR\",\"@id\":\"https:\/\/www.2em.ch\/blog\/#\/schema\/person\/image\/\",\"url\":\"https:\/\/secure.gravatar.com\/avatar\/6fd58b0a1b7c572811d490a8459e2403?s=96&d=blank&r=g\",\"contentUrl\":\"https:\/\/secure.gravatar.com\/avatar\/6fd58b0a1b7c572811d490a8459e2403?s=96&d=blank&r=g\",\"caption\":\"Michael\"}}]}<\/script>\n<!-- \/ Yoast SEO plugin. -->","yoast_head_json":{"title":"Road trip en Suisse au d\u00e9part de Zurich - Blog","robots":{"index":"index","follow":"follow","max-snippet":"max-snippet:-1","max-image-preview":"max-image-preview:large","max-video-preview":"max-video-preview:-1"},"canonical":"https:\/\/www.2em.ch\/blog\/road-trip-en-suisse-au-depart-de-zurich\/","og_locale":"fr_FR","og_type":"article","og_title":"Road trip en Suisse au d\u00e9part de Zurich - Blog","og_description":"Un road trip en Suisse, c\u2019est s\u2019offrir le bonheur de go\u00fbter aux joies de la conduite dans les Alpes. Bien que parsem\u00e9 de montagnes, le territoire de la Conf\u00e9d\u00e9ration helv\u00e9tique...","og_url":"https:\/\/www.2em.ch\/blog\/road-trip-en-suisse-au-depart-de-zurich\/","og_site_name":"Blog","article_published_time":"2020-10-28T08:55:18+00:00","article_modified_time":"2021-02-02T14:04:37+00:00","og_image":[{"width":640,"height":480,"url":"https:\/\/www.2em.ch\/blog\/wp-content\/uploads\/2021\/02\/friends-in-a-car_t20_GRwz9E.jpg","type":"image\/jpeg"}],"author":"Michael","twitter_card":"summary_large_image","twitter_misc":{"\u00c9crit par":"Michael","Dur\u00e9e de lecture estim\u00e9e":"6 minutes"},"schema":{"@context":"https:\/\/schema.org","@graph":[{"@type":"Article","@id":"https:\/\/www.2em.ch\/blog\/road-trip-en-suisse-au-depart-de-zurich\/#article","isPartOf":{"@id":"https:\/\/www.2em.ch\/blog\/road-trip-en-suisse-au-depart-de-zurich\/"},"author":{"name":"Michael","@id":"https:\/\/www.2em.ch\/blog\/#\/schema\/person\/35abc3aa6d312e96aeab72169c4eb27a"},"headline":"Road trip en Suisse au d\u00e9part de Zurich","datePublished":"2020-10-28T08:55:18+00:00","dateModified":"2021-02-02T14:04:37+00:00","mainEntityOfPage":{"@id":"https:\/\/www.2em.ch\/blog\/road-trip-en-suisse-au-depart-de-zurich\/"},"wordCount":1160,"publisher":{"@id":"https:\/\/www.2em.ch\/blog\/#organization"},"articleSection":["2EM Lifestyle"],"inLanguage":"fr-FR"},{"@type":"WebPage","@id":"https:\/\/www.2em.ch\/blog\/road-trip-en-suisse-au-depart-de-zurich\/","url":"https:\/\/www.2em.ch\/blog\/road-trip-en-suisse-au-depart-de-zurich\/","name":"Road trip en Suisse au d\u00e9part de Zurich - Blog","isPartOf":{"@id":"https:\/\/www.2em.ch\/blog\/#website"},"datePublished":"2020-10-28T08:55:18+00:00","dateModified":"2021-02-02T14:04:37+00:00","breadcrumb":{"@id":"https:\/\/www.2em.ch\/blog\/road-trip-en-suisse-au-depart-de-zurich\/#breadcrumb"},"inLanguage":"fr-FR","potentialAction":[{"@type":"ReadAction","target":["https:\/\/www.2em.ch\/blog\/road-trip-en-suisse-au-depart-de-zurich\/"]}]},{"@type":"BreadcrumbList","@id":"https:\/\/www.2em.ch\/blog\/road-trip-en-suisse-au-depart-de-zurich\/#breadcrumb","itemListElement":[{"@type":"ListItem","position":1,"name":"Blog carsharing","item":"https:\/\/www.2em.ch\/blog\/"},{"@type":"ListItem","position":2,"name":"Road trip en Suisse au d\u00e9part de Zurich"}]},{"@type":"WebSite","@id":"https:\/\/www.2em.ch\/blog\/#website","url":"https:\/\/www.2em.ch\/blog\/","name":"Blog","description":"Plateforme Suisse d&#039;autopartage","publisher":{"@id":"https:\/\/www.2em.ch\/blog\/#organization"},"potentialAction":[{"@type":"SearchAction","target":{"@type":"EntryPoint","urlTemplate":"https:\/\/www.2em.ch\/blog\/?s={search_term_string}"},"query-input":"required name=search_term_string"}],"inLanguage":"fr-FR"},{"@type":"Organization","@id":"https:\/\/www.2em.ch\/blog\/#organization","name":"Blog","url":"https:\/\/www.2em.ch\/blog\/","logo":{"@type":"ImageObject","inLanguage":"fr-FR","@id":"https:\/\/www.2em.ch\/blog\/#\/schema\/logo\/image\/","url":"https:\/\/www.2em.ch\/blog\/wp-content\/uploads\/2020\/04\/cropped-logo-e1570472900624.jpg","contentUrl":"https:\/\/www.2em.ch\/blog\/wp-content\/uploads\/2020\/04\/cropped-logo-e1570472900624.jpg","width":240,"height":64,"caption":"Blog"},"image":{"@id":"https:\/\/www.2em.ch\/blog\/#\/schema\/logo\/image\/"}},{"@type":"Person","@id":"https:\/\/www.2em.ch\/blog\/#\/schema\/person\/35abc3aa6d312e96aeab72169c4eb27a","name":"Michael","image":{"@type":"ImageObject","inLanguage":"fr-FR","@id":"https:\/\/www.2em.ch\/blog\/#\/schema\/person\/image\/","url":"https:\/\/secure.gravatar.com\/avatar\/6fd58b0a1b7c572811d490a8459e2403?s=96&d=blank&r=g","contentUrl":"https:\/\/secure.gravatar.com\/avatar\/6fd58b0a1b7c572811d490a8459e2403?s=96&d=blank&r=g","caption":"Michael"}}]}},"_links":{"self":[{"href":"https:\/\/www.2em.ch\/blog\/wp-json\/wp\/v2\/posts\/742"}],"collection":[{"href":"https:\/\/www.2em.ch\/blog\/wp-json\/wp\/v2\/posts"}],"about":[{"href":"https:\/\/www.2em.ch\/blog\/wp-json\/wp\/v2\/types\/post"}],"author":[{"embeddable":true,"href":"https:\/\/www.2em.ch\/blog\/wp-json\/wp\/v2\/users\/11"}],"replies":[{"embeddable":true,"href":"https:\/\/www.2em.ch\/blog\/wp-json\/wp\/v2\/comments?post=742"}],"version-history":[{"count":2,"href":"https:\/\/www.2em.ch\/blog\/wp-json\/wp\/v2\/posts\/742\/revisions"}],"predecessor-version":[{"id":749,"href":"https:\/\/www.2em.ch\/blog\/wp-json\/wp\/v2\/posts\/742\/revisions\/749"}],"wp:featuredmedia":[{"embeddable":true,"href":"https:\/\/www.2em.ch\/blog\/wp-json\/wp\/v2\/media\/824"}],"wp:attachment":[{"href":"https:\/\/www.2em.ch\/blog\/wp-json\/wp\/v2\/media?parent=742"}],"wp:term":[{"taxonomy":"category","embeddable":true,"href":"https:\/\/www.2em.ch\/blog\/wp-json\/wp\/v2\/categories?post=742"},{"taxonomy":"post_tag","embeddable":true,"href":"https:\/\/www.2em.ch\/blog\/wp-json\/wp\/v2\/tags?post=742"}],"curies":[{"name":"wp","href":"https:\/\/api.w.org\/{rel}","templated":true}]}}