{"id":548,"date":"2020-05-04T19:12:39","date_gmt":"2020-05-04T17:12:39","guid":{"rendered":"https:\/\/www.2em.ch\/blog\/?p=548"},"modified":"2020-05-07T20:02:31","modified_gmt":"2020-05-07T18:02:31","slug":"savoir-lessentiel-sur-lhistoire-de-tesla","status":"publish","type":"post","link":"https:\/\/www.2em.ch\/blog\/savoir-lessentiel-sur-lhistoire-de-tesla\/","title":{"rendered":"Savoir l\u2019essentiel sur l\u2019histoire de Tesla"},"content":{"rendered":"\n<p>Bas\u00e9 dans la ville californienne de Palo Alto, Tesla est un est constructeur automobile am\u00e9ricain sp\u00e9cialis\u00e9 dans la production de v\u00e9hicules \u00e9lectriques. La marque dont le nom est associ\u00e9 \u00e0 celui d\u2019Elon Musk, a \u00e9t\u00e9 cr\u00e9\u00e9e en 2003 par Marc Tapenning et Martin Eberhard. Toutefois, c\u2019est sous l\u2019impulsion de son actuel patron, \u00e0 savoir Elon Musk, que la firme de Californie acquiert ses lettres de noblesse en tant que fabricant de voitures \u00e9lectriques grand public. Tesla poursuit son ascension dans l\u2019univers de l\u2019automobile \u00e9lectrique avec son premier million de v\u00e9hicules construits en mars 2020.&nbsp;<\/p>\n\n\n\n<h2><strong>Martin Eberhard et Marc Tapenning&nbsp;: les fondateurs de Tesla&nbsp;<\/strong><\/h2>\n\n\n\n<p>Contrairement \u00e0 ce que pourraient penser de nombreuses personnes, le fondateur de la marque automobile am\u00e9ricaine Tesla n\u2019est pas Elon Musk, son actuel propri\u00e9taire. Martin Eberhard et Marc Tapenning&nbsp;sont les deux personnes \u00e0 l\u2019origine de la cr\u00e9ation de l\u2019entreprise californienne. Ils sont des universitaires porteurs d\u2019un projet ambitieux&nbsp;: la construction d\u2019une voiture sportive \u00e9lectrique. <\/p>\n\n\n\n<p>Pour r\u00e9aliser ce r\u00eave, ils fondent en 2003 une soci\u00e9t\u00e9 qu\u2019ils nomment Tesla. Une fois l\u2019entreprise cr\u00e9\u00e9e, Eberhard et Tapenning font face \u00e0 un manque criard de moyens financiers pour le financement de la production des v\u00e9hicules. Les deux entrepreneurs se lancent \u00e0 la recherche d\u2019investisseurs potentiels et rencontrent l\u2019homme d\u2019affaires Elon Musk. S\u00e9duit par le projet, le multimilliardaire d\u00e9j\u00e0 propri\u00e9taire de plusieurs entreprises dont Paypal, n\u2019h\u00e9site pas \u00e0 investir des millions de dollars \u00e0 partir de 2004. <\/p>\n\n\n\n<p>Il devient de ce fait le pr\u00e9sident du conseil d\u2019administration de Tesla. Qautre ans plus tard, c\u2019est-\u00e0-dire en 2008, Martin Eberhard et Marc Tapenning&nbsp;d\u00e9cident d\u2019abandonner l\u2019aventure. Cela ne pas passe inaper\u00e7u aux yeux de certains observateurs avertis, pr\u00e9sidisant une fin imminente de la firme californienne.&nbsp;<\/p>\n\n\n\n<figure class=\"wp-block-image\"><img loading=\"lazy\" width=\"640\" height=\"427\" src=\"https:\/\/www.2em.ch\/blog\/wp-content\/uploads\/2020\/05\/Savoir-l\u2019essentiel-sur-l\u2019histoire-de-Tesla-3.jpg\" alt=\"Savoir l\u2019essentiel sur l\u2019histoire de Tesla  \" class=\"wp-image-551\" srcset=\"https:\/\/www.2em.ch\/blog\/wp-content\/uploads\/2020\/05\/Savoir-l\u2019essentiel-sur-l\u2019histoire-de-Tesla-3.jpg 640w, https:\/\/www.2em.ch\/blog\/wp-content\/uploads\/2020\/05\/Savoir-l\u2019essentiel-sur-l\u2019histoire-de-Tesla-3-300x200.jpg 300w, https:\/\/www.2em.ch\/blog\/wp-content\/uploads\/2020\/05\/Savoir-l\u2019essentiel-sur-l\u2019histoire-de-Tesla-3-500x333.jpg 500w\" sizes=\"(max-width: 640px) 100vw, 640px\" \/><\/figure>\n\n\n\n<h2><strong>Tesla, une appellation pour rendre hommage \u00e0 Nikolas Tesla&nbsp;<\/strong><\/h2>\n\n\n\n<p>Le nom de la marque Tesla a \u00e9t\u00e9 donn\u00e9 en r\u00e9f\u00e9rence \u00e0 Nikolas Tesla, un ing\u00e9nieur et inventeur am\u00e9ricain originaire de la Serbie. Ayant v\u00e9cu du 10 juillet 1856 au 7 janvier 1943, il est c\u00e9l\u00e8bre pour le r\u00f4le central qu\u2019il joue dans le d\u00e9veloppement et l\u2019adoption du courant alternatif en mati\u00e8re de transport et de distribution d\u2019\u00e9lectricit\u00e9. Tesla est surtout pour ses travaux ayant abouti \u00e0 la mise au point des premiers alternateurs de l\u2019histoire.&nbsp;<br><\/p>\n\n\n\n<figure class=\"wp-block-image\"><img loading=\"lazy\" width=\"640\" height=\"426\" src=\"https:\/\/www.2em.ch\/blog\/wp-content\/uploads\/2020\/05\/Savoir-l\u2019essentiel-sur-l\u2019histoire-de-Tesla-2.jpg\" alt=\"Savoir l\u2019essentiel sur l\u2019histoire de Tesla  \" class=\"wp-image-549\" srcset=\"https:\/\/www.2em.ch\/blog\/wp-content\/uploads\/2020\/05\/Savoir-l\u2019essentiel-sur-l\u2019histoire-de-Tesla-2.jpg 640w, https:\/\/www.2em.ch\/blog\/wp-content\/uploads\/2020\/05\/Savoir-l\u2019essentiel-sur-l\u2019histoire-de-Tesla-2-300x200.jpg 300w, https:\/\/www.2em.ch\/blog\/wp-content\/uploads\/2020\/05\/Savoir-l\u2019essentiel-sur-l\u2019histoire-de-Tesla-2-500x333.jpg 500w\" sizes=\"(max-width: 640px) 100vw, 640px\" \/><\/figure>\n\n\n\n<h2><strong>Les mod\u00e8les embl\u00e9matiques de la marque Tesla&nbsp;<\/strong><\/h2>\n\n\n\n<p>En 17 ans d\u2019existence, le constructeur Tesla marque l\u2019industrie automobile \u00e9lectrique avec des mod\u00e8les aussi d\u00e9tonnants les uns apr\u00e8s les autres. Inspir\u00e9e de la Lotus Elise, la Roadster est incontestablement l\u2019un des symobles du succ\u00e8s de l\u2019entreprise am\u00e9ricaine sur le march\u00e9 des voitures s\u00e9lectriques.&nbsp; Premier v\u00e9hicule \u00e0 sortir des usines de la soci\u00e9t\u00e9&nbsp; en 2008, ce mod\u00e8le biplace s\u00e9duit le public gr\u00e2ce \u00e0 ses nombreux atouts. <\/p>\n\n\n\n<p>La Roadster propose une autonomie \u00e9lectrique incroyable d\u2019environ 400 km en plus de ses performances exceptionnelles, sublim\u00e9es par des lignes \u00e9pur\u00e9es. Une deuxi\u00e8me version dite Roadster II devrait \u00eatre commercialis\u00e9e par Tesla \u00e0 partir de 2020. Avec la Model S lanc\u00e9e en 2012, la firme fait son entr\u00e9e sur le segment des berlines \u00e9lectriques. Une seconde version de cette voiture sort en 2017 avec un prix de vente accessible. <\/p>\n\n\n\n<p>Model X et Model Y sont pour leur part, les premiers v\u00e9hicules de la cat\u00e9gorie SUV \u00e9lectriques produits par Tesla, respectivement en 2015 et 2020. Avec plus de 500 pr\u00e9-commandes \u00e0 la fin 2017, le semi Truck a d\u00e9j\u00e0 le statut de star chez Tesla.&nbsp;<br><\/p>\n\n\n\n<div class=\"wp-block-button aligncenter\"><a class=\"wp-block-button__link has-text-color has-background\" href=\"https:\/\/www.2em.ch\/location-tesla-suisse\" style=\"background-color:#0077bd;color:#ffffff\">Loue la Tesla de tes r\u00eaves<\/a><\/div>\n\n\n\n<ul class=\"wp-container-2 wp-block-gallery-1 wp-block-gallery columns-0 is-cropped\"><\/ul>\n","protected":false},"excerpt":{"rendered":"<p>Bas\u00e9 dans la ville californienne de Palo Alto, Tesla est un est constructeur automobile am\u00e9ricain sp\u00e9cialis\u00e9 dans la production de v\u00e9hicules \u00e9lectriques. La marque dont le nom est associ\u00e9 \u00e0&#8230;<\/p>\n","protected":false},"author":11,"featured_media":550,"comment_status":"closed","ping_status":"closed","sticky":false,"template":"","format":"gallery","meta":[],"categories":[109],"tags":[],"yoast_head":"<!-- This site is optimized with the Yoast SEO plugin v19.9 - https:\/\/yoast.com\/wordpress\/plugins\/seo\/ -->\n<title>Savoir l\u2019essentiel sur l\u2019histoire de Tesla - Blog<\/title>\n<meta name=\"robots\" content=\"index, follow, max-snippet:-1, max-image-preview:large, max-video-preview:-1\" \/>\n<link rel=\"canonical\" href=\"https:\/\/www.2em.ch\/blog\/savoir-lessentiel-sur-lhistoire-de-tesla\/\" \/>\n<meta property=\"og:locale\" content=\"fr_FR\" \/>\n<meta property=\"og:type\" content=\"article\" \/>\n<meta property=\"og:title\" content=\"Savoir l\u2019essentiel sur l\u2019histoire de Tesla - Blog\" \/>\n<meta property=\"og:description\" content=\"Bas\u00e9 dans la ville californienne de Palo Alto, Tesla est un est constructeur automobile am\u00e9ricain sp\u00e9cialis\u00e9 dans la production de v\u00e9hicules \u00e9lectriques. La marque dont le nom est associ\u00e9 \u00e0...\" \/>\n<meta property=\"og:url\" content=\"https:\/\/www.2em.ch\/blog\/savoir-lessentiel-sur-lhistoire-de-tesla\/\" \/>\n<meta property=\"og:site_name\" content=\"Blog\" \/>\n<meta property=\"article:published_time\" content=\"2020-05-04T17:12:39+00:00\" \/>\n<meta property=\"article:modified_time\" content=\"2020-05-07T18:02:31+00:00\" \/>\n<meta property=\"og:image\" content=\"https:\/\/www.2em.ch\/blog\/wp-content\/uploads\/2020\/05\/Savoir-l\u2019essentiel-sur-l\u2019histoire-de-Tesla.jpg\" \/>\n\t<meta property=\"og:image:width\" content=\"1920\" \/>\n\t<meta property=\"og:image:height\" content=\"1280\" \/>\n\t<meta property=\"og:image:type\" content=\"image\/jpeg\" \/>\n<meta name=\"author\" content=\"Michael\" \/>\n<meta name=\"twitter:card\" content=\"summary_large_image\" \/>\n<meta name=\"twitter:label1\" content=\"\u00c9crit par\" \/>\n\t<meta name=\"twitter:data1\" content=\"Michael\" \/>\n\t<meta name=\"twitter:label2\" content=\"Dur\u00e9e de lecture estim\u00e9e\" \/>\n\t<meta name=\"twitter:data2\" content=\"3 minutes\" \/>\n<script type=\"application\/ld+json\" class=\"yoast-schema-graph\">{\"@context\":\"https:\/\/schema.org\",\"@graph\":[{\"@type\":\"Article\",\"@id\":\"https:\/\/www.2em.ch\/blog\/savoir-lessentiel-sur-lhistoire-de-tesla\/#article\",\"isPartOf\":{\"@id\":\"https:\/\/www.2em.ch\/blog\/savoir-lessentiel-sur-lhistoire-de-tesla\/\"},\"author\":{\"name\":\"Michael\",\"@id\":\"https:\/\/www.2em.ch\/blog\/#\/schema\/person\/35abc3aa6d312e96aeab72169c4eb27a\"},\"headline\":\"Savoir l\u2019essentiel sur l\u2019histoire de Tesla\",\"datePublished\":\"2020-05-04T17:12:39+00:00\",\"dateModified\":\"2020-05-07T18:02:31+00:00\",\"mainEntityOfPage\":{\"@id\":\"https:\/\/www.2em.ch\/blog\/savoir-lessentiel-sur-lhistoire-de-tesla\/\"},\"wordCount\":633,\"publisher\":{\"@id\":\"https:\/\/www.2em.ch\/blog\/#organization\"},\"articleSection\":[\"Marques\"],\"inLanguage\":\"fr-FR\"},{\"@type\":\"WebPage\",\"@id\":\"https:\/\/www.2em.ch\/blog\/savoir-lessentiel-sur-lhistoire-de-tesla\/\",\"url\":\"https:\/\/www.2em.ch\/blog\/savoir-lessentiel-sur-lhistoire-de-tesla\/\",\"name\":\"Savoir l\u2019essentiel sur l\u2019histoire de Tesla - Blog\",\"isPartOf\":{\"@id\":\"https:\/\/www.2em.ch\/blog\/#website\"},\"datePublished\":\"2020-05-04T17:12:39+00:00\",\"dateModified\":\"2020-05-07T18:02:31+00:00\",\"breadcrumb\":{\"@id\":\"https:\/\/www.2em.ch\/blog\/savoir-lessentiel-sur-lhistoire-de-tesla\/#breadcrumb\"},\"inLanguage\":\"fr-FR\",\"potentialAction\":[{\"@type\":\"ReadAction\",\"target\":[\"https:\/\/www.2em.ch\/blog\/savoir-lessentiel-sur-lhistoire-de-tesla\/\"]}]},{\"@type\":\"BreadcrumbList\",\"@id\":\"https:\/\/www.2em.ch\/blog\/savoir-lessentiel-sur-lhistoire-de-tesla\/#breadcrumb\",\"itemListElement\":[{\"@type\":\"ListItem\",\"position\":1,\"name\":\"Blog carsharing\",\"item\":\"https:\/\/www.2em.ch\/blog\/\"},{\"@type\":\"ListItem\",\"position\":2,\"name\":\"Savoir l\u2019essentiel sur l\u2019histoire de Tesla\"}]},{\"@type\":\"WebSite\",\"@id\":\"https:\/\/www.2em.ch\/blog\/#website\",\"url\":\"https:\/\/www.2em.ch\/blog\/\",\"name\":\"Blog\",\"description\":\"Plateforme Suisse d&#039;autopartage\",\"publisher\":{\"@id\":\"https:\/\/www.2em.ch\/blog\/#organization\"},\"potentialAction\":[{\"@type\":\"SearchAction\",\"target\":{\"@type\":\"EntryPoint\",\"urlTemplate\":\"https:\/\/www.2em.ch\/blog\/?s={search_term_string}\"},\"query-input\":\"required name=search_term_string\"}],\"inLanguage\":\"fr-FR\"},{\"@type\":\"Organization\",\"@id\":\"https:\/\/www.2em.ch\/blog\/#organization\",\"name\":\"Blog\",\"url\":\"https:\/\/www.2em.ch\/blog\/\",\"logo\":{\"@type\":\"ImageObject\",\"inLanguage\":\"fr-FR\",\"@id\":\"https:\/\/www.2em.ch\/blog\/#\/schema\/logo\/image\/\",\"url\":\"https:\/\/www.2em.ch\/blog\/wp-content\/uploads\/2020\/04\/cropped-logo-e1570472900624.jpg\",\"contentUrl\":\"https:\/\/www.2em.ch\/blog\/wp-content\/uploads\/2020\/04\/cropped-logo-e1570472900624.jpg\",\"width\":240,\"height\":64,\"caption\":\"Blog\"},\"image\":{\"@id\":\"https:\/\/www.2em.ch\/blog\/#\/schema\/logo\/image\/\"}},{\"@type\":\"Person\",\"@id\":\"https:\/\/www.2em.ch\/blog\/#\/schema\/person\/35abc3aa6d312e96aeab72169c4eb27a\",\"name\":\"Michael\",\"image\":{\"@type\":\"ImageObject\",\"inLanguage\":\"fr-FR\",\"@id\":\"https:\/\/www.2em.ch\/blog\/#\/schema\/person\/image\/\",\"url\":\"https:\/\/secure.gravatar.com\/avatar\/6fd58b0a1b7c572811d490a8459e2403?s=96&d=blank&r=g\",\"contentUrl\":\"https:\/\/secure.gravatar.com\/avatar\/6fd58b0a1b7c572811d490a8459e2403?s=96&d=blank&r=g\",\"caption\":\"Michael\"}}]}<\/script>\n<!-- \/ Yoast SEO plugin. -->","yoast_head_json":{"title":"Savoir l\u2019essentiel sur l\u2019histoire de Tesla - Blog","robots":{"index":"index","follow":"follow","max-snippet":"max-snippet:-1","max-image-preview":"max-image-preview:large","max-video-preview":"max-video-preview:-1"},"canonical":"https:\/\/www.2em.ch\/blog\/savoir-lessentiel-sur-lhistoire-de-tesla\/","og_locale":"fr_FR","og_type":"article","og_title":"Savoir l\u2019essentiel sur l\u2019histoire de Tesla - Blog","og_description":"Bas\u00e9 dans la ville californienne de Palo Alto, Tesla est un est constructeur automobile am\u00e9ricain sp\u00e9cialis\u00e9 dans la production de v\u00e9hicules \u00e9lectriques. La marque dont le nom est associ\u00e9 \u00e0...","og_url":"https:\/\/www.2em.ch\/blog\/savoir-lessentiel-sur-lhistoire-de-tesla\/","og_site_name":"Blog","article_published_time":"2020-05-04T17:12:39+00:00","article_modified_time":"2020-05-07T18:02:31+00:00","og_image":[{"width":1920,"height":1280,"url":"https:\/\/www.2em.ch\/blog\/wp-content\/uploads\/2020\/05\/Savoir-l\u2019essentiel-sur-l\u2019histoire-de-Tesla.jpg","type":"image\/jpeg"}],"author":"Michael","twitter_card":"summary_large_image","twitter_misc":{"\u00c9crit par":"Michael","Dur\u00e9e de lecture estim\u00e9e":"3 minutes"},"schema":{"@context":"https:\/\/schema.org","@graph":[{"@type":"Article","@id":"https:\/\/www.2em.ch\/blog\/savoir-lessentiel-sur-lhistoire-de-tesla\/#article","isPartOf":{"@id":"https:\/\/www.2em.ch\/blog\/savoir-lessentiel-sur-lhistoire-de-tesla\/"},"author":{"name":"Michael","@id":"https:\/\/www.2em.ch\/blog\/#\/schema\/person\/35abc3aa6d312e96aeab72169c4eb27a"},"headline":"Savoir l\u2019essentiel sur l\u2019histoire de Tesla","datePublished":"2020-05-04T17:12:39+00:00","dateModified":"2020-05-07T18:02:31+00:00","mainEntityOfPage":{"@id":"https:\/\/www.2em.ch\/blog\/savoir-lessentiel-sur-lhistoire-de-tesla\/"},"wordCount":633,"publisher":{"@id":"https:\/\/www.2em.ch\/blog\/#organization"},"articleSection":["Marques"],"inLanguage":"fr-FR"},{"@type":"WebPage","@id":"https:\/\/www.2em.ch\/blog\/savoir-lessentiel-sur-lhistoire-de-tesla\/","url":"https:\/\/www.2em.ch\/blog\/savoir-lessentiel-sur-lhistoire-de-tesla\/","name":"Savoir l\u2019essentiel sur l\u2019histoire de Tesla - Blog","isPartOf":{"@id":"https:\/\/www.2em.ch\/blog\/#website"},"datePublished":"2020-05-04T17:12:39+00:00","dateModified":"2020-05-07T18:02:31+00:00","breadcrumb":{"@id":"https:\/\/www.2em.ch\/blog\/savoir-lessentiel-sur-lhistoire-de-tesla\/#breadcrumb"},"inLanguage":"fr-FR","potentialAction":[{"@type":"ReadAction","target":["https:\/\/www.2em.ch\/blog\/savoir-lessentiel-sur-lhistoire-de-tesla\/"]}]},{"@type":"BreadcrumbList","@id":"https:\/\/www.2em.ch\/blog\/savoir-lessentiel-sur-lhistoire-de-tesla\/#breadcrumb","itemListElement":[{"@type":"ListItem","position":1,"name":"Blog carsharing","item":"https:\/\/www.2em.ch\/blog\/"},{"@type":"ListItem","position":2,"name":"Savoir l\u2019essentiel sur l\u2019histoire de Tesla"}]},{"@type":"WebSite","@id":"https:\/\/www.2em.ch\/blog\/#website","url":"https:\/\/www.2em.ch\/blog\/","name":"Blog","description":"Plateforme Suisse d&#039;autopartage","publisher":{"@id":"https:\/\/www.2em.ch\/blog\/#organization"},"potentialAction":[{"@type":"SearchAction","target":{"@type":"EntryPoint","urlTemplate":"https:\/\/www.2em.ch\/blog\/?s={search_term_string}"},"query-input":"required name=search_term_string"}],"inLanguage":"fr-FR"},{"@type":"Organization","@id":"https:\/\/www.2em.ch\/blog\/#organization","name":"Blog","url":"https:\/\/www.2em.ch\/blog\/","logo":{"@type":"ImageObject","inLanguage":"fr-FR","@id":"https:\/\/www.2em.ch\/blog\/#\/schema\/logo\/image\/","url":"https:\/\/www.2em.ch\/blog\/wp-content\/uploads\/2020\/04\/cropped-logo-e1570472900624.jpg","contentUrl":"https:\/\/www.2em.ch\/blog\/wp-content\/uploads\/2020\/04\/cropped-logo-e1570472900624.jpg","width":240,"height":64,"caption":"Blog"},"image":{"@id":"https:\/\/www.2em.ch\/blog\/#\/schema\/logo\/image\/"}},{"@type":"Person","@id":"https:\/\/www.2em.ch\/blog\/#\/schema\/person\/35abc3aa6d312e96aeab72169c4eb27a","name":"Michael","image":{"@type":"ImageObject","inLanguage":"fr-FR","@id":"https:\/\/www.2em.ch\/blog\/#\/schema\/person\/image\/","url":"https:\/\/secure.gravatar.com\/avatar\/6fd58b0a1b7c572811d490a8459e2403?s=96&d=blank&r=g","contentUrl":"https:\/\/secure.gravatar.com\/avatar\/6fd58b0a1b7c572811d490a8459e2403?s=96&d=blank&r=g","caption":"Michael"}}]}},"_links":{"self":[{"href":"https:\/\/www.2em.ch\/blog\/wp-json\/wp\/v2\/posts\/548"}],"collection":[{"href":"https:\/\/www.2em.ch\/blog\/wp-json\/wp\/v2\/posts"}],"about":[{"href":"https:\/\/www.2em.ch\/blog\/wp-json\/wp\/v2\/types\/post"}],"author":[{"embeddable":true,"href":"https:\/\/www.2em.ch\/blog\/wp-json\/wp\/v2\/users\/11"}],"replies":[{"embeddable":true,"href":"https:\/\/www.2em.ch\/blog\/wp-json\/wp\/v2\/comments?post=548"}],"version-history":[{"count":3,"href":"https:\/\/www.2em.ch\/blog\/wp-json\/wp\/v2\/posts\/548\/revisions"}],"predecessor-version":[{"id":568,"href":"https:\/\/www.2em.ch\/blog\/wp-json\/wp\/v2\/posts\/548\/revisions\/568"}],"wp:featuredmedia":[{"embeddable":true,"href":"https:\/\/www.2em.ch\/blog\/wp-json\/wp\/v2\/media\/550"}],"wp:attachment":[{"href":"https:\/\/www.2em.ch\/blog\/wp-json\/wp\/v2\/media?parent=548"}],"wp:term":[{"taxonomy":"category","embeddable":true,"href":"https:\/\/www.2em.ch\/blog\/wp-json\/wp\/v2\/categories?post=548"},{"taxonomy":"post_tag","embeddable":true,"href":"https:\/\/www.2em.ch\/blog\/wp-json\/wp\/v2\/tags?post=548"}],"curies":[{"name":"wp","href":"https:\/\/api.w.org\/{rel}","templated":true}]}}