{"id":456,"date":"2020-04-28T11:33:06","date_gmt":"2020-04-28T09:33:06","guid":{"rendered":"https:\/\/www.2em.ch\/blog\/?p=456"},"modified":"2020-05-07T20:09:05","modified_gmt":"2020-05-07T18:09:05","slug":"tout-savoir-sur-la-marque-mercedes","status":"publish","type":"post","link":"https:\/\/www.2em.ch\/blog\/tout-savoir-sur-la-marque-mercedes\/","title":{"rendered":"Tout savoir sur la marque Mercedes"},"content":{"rendered":"\n<p>Symbole du luxe automobile allemand, Mercedes est une marque de v\u00e9hicules automobiles, d\u2019autocars, de camions et d\u2019autobus. Fruit de la fusion des constructeurs que sont Daimler-Motoren-Gesellschaft, Benz &amp; Cie et Mercedes, l\u2019entreprise na\u00eet le 28 juin 1926. Ses fondateurs sont Carl Benz, Gottlieb Daimler et Emil Jelinek. <\/p>\n\n\n\n<!--more-->\n\n\n\n<p>Chacun de ces personnages a jou\u00e9 un r\u00f4le crucial dans la naissance du constructeur tel qu\u2019il est connu aujourd\u2019hui. Depuis le premier tricycle Daimler-Benz jusqu\u2019\u00e0 ses mod\u00e8les les plus r\u00e9cents, Mercedes a connu un d\u00e9veloppement spectaculaire \u00e0 la hauteur de ses ambitions. <br> <br> <\/p>\n\n\n\n<h2><strong>Les pionniers de la cr\u00e9ation de l\u2019entreprise Mercedes<\/strong><\/h2>\n\n\n\n<p><br> Carl Benz, Gottlieb Daimler et Emil Jelinek sont des personnages qui ont jou\u00e9 chacun un r\u00f4le capital dans la naissance du constructeur Mercedes. Inventeur du moteur \u00e0 explosion, Carl Benz fonde la soci\u00e9t\u00e9 Benz &amp; Compagnie. De son c\u00f4t\u00e9, Gottlieb Daimler multiples les recherches et exp\u00e9riences qui aboutissent \u00e0 l\u2019invention de la premi\u00e8re motocyclette de l\u2019histoire en 1885. <\/p>\n\n\n\n<p>Fort de ce succ\u00e8s, il se lance dans la construction de plusieurs autres voitures dont le mod\u00e8le de course baptis\u00e9 Phonix. Il cr\u00e9e en 1890 l\u2019entreprise Daimler-Motoren-Gesellschaft. Quant \u00e0 Emil Jelinek, c\u2019est celui qui d\u00e9posa la marque commerciale \u00ab Mercedes \u00bb afin de lui assurer une protection l\u00e9gale et officielle. Comme on peut le voir, la cr\u00e9ation de <a href=\"https:\/\/www.2em.ch\/location-mercedes-suisse\">la marque Mercedes<\/a> qui incarne le savoir-faire et le luxe de l\u2019industrie automobile allemande est le r\u00e9sultat du travail acharn\u00e9 de chacun de ces acteurs-cl\u00e9s. <br> <br> <\/p>\n\n\n\n<ul class=\"wp-container-2 wp-block-gallery-1 wp-block-gallery columns-1 is-cropped\"><li class=\"blocks-gallery-item\"><figure><img loading=\"lazy\" width=\"972\" height=\"648\" src=\"https:\/\/www.2em.ch\/blog\/wp-content\/uploads\/2020\/04\/g55-amg-2007-with-lazer-lamps-st6_t20_0xeKWV.jpg\" alt=\"\" data-id=\"458\" data-link=\"https:\/\/www.2em.ch\/blog\/?attachment_id=458\" class=\"wp-image-458\" srcset=\"https:\/\/www.2em.ch\/blog\/wp-content\/uploads\/2020\/04\/g55-amg-2007-with-lazer-lamps-st6_t20_0xeKWV.jpg 972w, https:\/\/www.2em.ch\/blog\/wp-content\/uploads\/2020\/04\/g55-amg-2007-with-lazer-lamps-st6_t20_0xeKWV-300x200.jpg 300w, https:\/\/www.2em.ch\/blog\/wp-content\/uploads\/2020\/04\/g55-amg-2007-with-lazer-lamps-st6_t20_0xeKWV-768x512.jpg 768w\" sizes=\"(max-width: 972px) 100vw, 972px\" \/><\/figure><\/li><\/ul>\n\n\n\n<h2><strong>L\u2019origine du nom Mercedes et de l\u2019\u00e9toile \u00e0 trois points figurant sur les mod\u00e8les de la marque<\/strong> <\/h2>\n\n\n\n<p><br> Influent concessionnaire automobile du d\u00e9but du XXe si\u00e8cle bas\u00e9 sur la C\u00f4te d\u2019Azur, Emil Jelinek commande un mod\u00e8le de v\u00e9hicule \u00e0 la soci\u00e9t\u00e9 Daimler-Motoren-Gesellschaft. Il nomme cette voiture construite en 1901 \u00ab Mercedes \u00bb en r\u00e9f\u00e9rence au pr\u00e9nom de sa fille de 13 ans. L\u2019entreprise Gottlieb Daimler dirig\u00e9e par son fils Paul adopte cette marque pour l\u2019ensemble de ses v\u00e9hicules particuliers \u00e0 partir de 1902. <\/p>\n\n\n\n<p>Pour ce qui est de l\u2019\u00e9toile \u00e0 trois points, elle est l\u2019\u0153uvre de Paul Dailmer. Elle repr\u00e9sente l\u2019air, la mer et la terre qui sont les trois voies qui furent choisies par Gottlieb Daimler pour ses moteurs. La fameuse \u00e9toile devient ainsi l\u2019embl\u00e8me des produites par Mercedes d\u00e8s 1911. <br> <br> <\/p>\n\n\n\n<h2><strong>Quelques mod\u00e8les phares du constructeur Mercedes<\/strong> <br><\/h2>\n\n\n\n<figure class=\"wp-block-image\"><img loading=\"lazy\" width=\"793\" height=\"595\" src=\"https:\/\/www.2em.ch\/blog\/wp-content\/uploads\/2020\/04\/new-mercedes-amg-gt_t20_8daX9W.jpg\" alt=\"\" class=\"wp-image-457\" srcset=\"https:\/\/www.2em.ch\/blog\/wp-content\/uploads\/2020\/04\/new-mercedes-amg-gt_t20_8daX9W.jpg 793w, https:\/\/www.2em.ch\/blog\/wp-content\/uploads\/2020\/04\/new-mercedes-amg-gt_t20_8daX9W-300x225.jpg 300w, https:\/\/www.2em.ch\/blog\/wp-content\/uploads\/2020\/04\/new-mercedes-amg-gt_t20_8daX9W-768x576.jpg 768w\" sizes=\"(max-width: 793px) 100vw, 793px\" \/><\/figure>\n\n\n\n<p> Les mod\u00e8les l\u00e9gendaires qui ont fait le succ\u00e8s de Mercedes dans l\u2019industrie automobile sont nombreux. On peut citer le premier cycle tricycle Daimler-Benz, l\u2019anc\u00eatre des voitures de la marque. Ce v\u00e9hicule \u00e9tait dot\u00e9 d\u2019un moteur mono cylindre 954 cm3 avec une vitesse de 16 km\/h pour un poids. Il est clair qu\u2019avec de telles caract\u00e9ristiques, cette voiture peut para\u00eetre tr\u00e8s sommaire compar\u00e9e aux mod\u00e8les actuels du constructeur. Il faut toutefois savoir pour son \u00e9poque, elle \u00e9tait \u00e0 la pointe de la modernit\u00e9. <\/p>\n\n\n\n<p>D\u2019autres voitures telles que la <strong>Mercedes-Benz 300 SL<\/strong>, la <strong>Mercedes-Maybach S 600 Pullman<\/strong>, la <strong>Mercedes-Benz W196<\/strong> ou encore la <strong>Mercedes-Benz Classe E<\/strong> ont contribu\u00e9 fortement au positionnement de la marque allemande. D\u00e9voil\u00e9e au public en f\u00e9vrier 1954, la 300 SL par exemple, est connue pour \u00eatre le premier v\u00e9hicule \u00e0 disposer d\u2019un syst\u00e8me d\u2019injection directe d\u2019essence. Cette voiture qui s\u2019arrache \u00e0 prix d\u2019or se caract\u00e9rise par son volant qui bascule du haut vers le bas et ses portes papillon.&nbsp;<\/p>\n\n\n\n<div class=\"wp-block-button aligncenter\"><a class=\"wp-block-button__link has-text-color has-background\" href=\"https:\/\/www.2em.ch\/location-mercedes-suisse\" style=\"background-color:#0077bd;color:#ffffff\">Loue la Mercedes de tes r\u00eaves<\/a><\/div>\n","protected":false},"excerpt":{"rendered":"<p>Symbole du luxe automobile allemand, Mercedes est une marque de v\u00e9hicules automobiles, d\u2019autocars, de camions et d\u2019autobus. Fruit de la fusion des constructeurs que sont Daimler-Motoren-Gesellschaft, Benz &amp; Cie et&#8230;<\/p>\n","protected":false},"author":11,"featured_media":459,"comment_status":"closed","ping_status":"closed","sticky":false,"template":"","format":"gallery","meta":[],"categories":[109],"tags":[],"yoast_head":"<!-- This site is optimized with the Yoast SEO plugin v19.9 - https:\/\/yoast.com\/wordpress\/plugins\/seo\/ -->\n<title>Tout savoir sur la marque Mercedes - Blog<\/title>\n<meta name=\"robots\" content=\"index, follow, max-snippet:-1, max-image-preview:large, max-video-preview:-1\" \/>\n<link rel=\"canonical\" href=\"https:\/\/www.2em.ch\/blog\/tout-savoir-sur-la-marque-mercedes\/\" \/>\n<meta property=\"og:locale\" content=\"fr_FR\" \/>\n<meta property=\"og:type\" content=\"article\" \/>\n<meta property=\"og:title\" content=\"Tout savoir sur la marque Mercedes - Blog\" \/>\n<meta property=\"og:description\" content=\"Symbole du luxe automobile allemand, Mercedes est une marque de v\u00e9hicules automobiles, d\u2019autocars, de camions et d\u2019autobus. Fruit de la fusion des constructeurs que sont Daimler-Motoren-Gesellschaft, Benz &amp; Cie et...\" \/>\n<meta property=\"og:url\" content=\"https:\/\/www.2em.ch\/blog\/tout-savoir-sur-la-marque-mercedes\/\" \/>\n<meta property=\"og:site_name\" content=\"Blog\" \/>\n<meta property=\"article:published_time\" content=\"2020-04-28T09:33:06+00:00\" \/>\n<meta property=\"article:modified_time\" content=\"2020-05-07T18:09:05+00:00\" \/>\n<meta property=\"og:image\" content=\"https:\/\/www.2em.ch\/blog\/wp-content\/uploads\/2020\/04\/pm5Mbj_t20_8kApEg.jpg\" \/>\n\t<meta property=\"og:image:width\" content=\"1010\" \/>\n\t<meta property=\"og:image:height\" content=\"672\" \/>\n\t<meta property=\"og:image:type\" content=\"image\/jpeg\" \/>\n<meta name=\"author\" content=\"Michael\" \/>\n<meta name=\"twitter:card\" content=\"summary_large_image\" \/>\n<meta name=\"twitter:label1\" content=\"\u00c9crit par\" \/>\n\t<meta name=\"twitter:data1\" content=\"Michael\" \/>\n\t<meta name=\"twitter:label2\" content=\"Dur\u00e9e de lecture estim\u00e9e\" \/>\n\t<meta name=\"twitter:data2\" content=\"3 minutes\" \/>\n<script type=\"application\/ld+json\" class=\"yoast-schema-graph\">{\"@context\":\"https:\/\/schema.org\",\"@graph\":[{\"@type\":\"Article\",\"@id\":\"https:\/\/www.2em.ch\/blog\/tout-savoir-sur-la-marque-mercedes\/#article\",\"isPartOf\":{\"@id\":\"https:\/\/www.2em.ch\/blog\/tout-savoir-sur-la-marque-mercedes\/\"},\"author\":{\"name\":\"Michael\",\"@id\":\"https:\/\/www.2em.ch\/blog\/#\/schema\/person\/35abc3aa6d312e96aeab72169c4eb27a\"},\"headline\":\"Tout savoir sur la marque Mercedes\",\"datePublished\":\"2020-04-28T09:33:06+00:00\",\"dateModified\":\"2020-05-07T18:09:05+00:00\",\"mainEntityOfPage\":{\"@id\":\"https:\/\/www.2em.ch\/blog\/tout-savoir-sur-la-marque-mercedes\/\"},\"wordCount\":604,\"publisher\":{\"@id\":\"https:\/\/www.2em.ch\/blog\/#organization\"},\"articleSection\":[\"Marques\"],\"inLanguage\":\"fr-FR\"},{\"@type\":\"WebPage\",\"@id\":\"https:\/\/www.2em.ch\/blog\/tout-savoir-sur-la-marque-mercedes\/\",\"url\":\"https:\/\/www.2em.ch\/blog\/tout-savoir-sur-la-marque-mercedes\/\",\"name\":\"Tout savoir sur la marque Mercedes - Blog\",\"isPartOf\":{\"@id\":\"https:\/\/www.2em.ch\/blog\/#website\"},\"datePublished\":\"2020-04-28T09:33:06+00:00\",\"dateModified\":\"2020-05-07T18:09:05+00:00\",\"breadcrumb\":{\"@id\":\"https:\/\/www.2em.ch\/blog\/tout-savoir-sur-la-marque-mercedes\/#breadcrumb\"},\"inLanguage\":\"fr-FR\",\"potentialAction\":[{\"@type\":\"ReadAction\",\"target\":[\"https:\/\/www.2em.ch\/blog\/tout-savoir-sur-la-marque-mercedes\/\"]}]},{\"@type\":\"BreadcrumbList\",\"@id\":\"https:\/\/www.2em.ch\/blog\/tout-savoir-sur-la-marque-mercedes\/#breadcrumb\",\"itemListElement\":[{\"@type\":\"ListItem\",\"position\":1,\"name\":\"Blog carsharing\",\"item\":\"https:\/\/www.2em.ch\/blog\/\"},{\"@type\":\"ListItem\",\"position\":2,\"name\":\"Tout savoir sur la marque Mercedes\"}]},{\"@type\":\"WebSite\",\"@id\":\"https:\/\/www.2em.ch\/blog\/#website\",\"url\":\"https:\/\/www.2em.ch\/blog\/\",\"name\":\"Blog\",\"description\":\"Plateforme Suisse d&#039;autopartage\",\"publisher\":{\"@id\":\"https:\/\/www.2em.ch\/blog\/#organization\"},\"potentialAction\":[{\"@type\":\"SearchAction\",\"target\":{\"@type\":\"EntryPoint\",\"urlTemplate\":\"https:\/\/www.2em.ch\/blog\/?s={search_term_string}\"},\"query-input\":\"required name=search_term_string\"}],\"inLanguage\":\"fr-FR\"},{\"@type\":\"Organization\",\"@id\":\"https:\/\/www.2em.ch\/blog\/#organization\",\"name\":\"Blog\",\"url\":\"https:\/\/www.2em.ch\/blog\/\",\"logo\":{\"@type\":\"ImageObject\",\"inLanguage\":\"fr-FR\",\"@id\":\"https:\/\/www.2em.ch\/blog\/#\/schema\/logo\/image\/\",\"url\":\"https:\/\/www.2em.ch\/blog\/wp-content\/uploads\/2020\/04\/cropped-logo-e1570472900624.jpg\",\"contentUrl\":\"https:\/\/www.2em.ch\/blog\/wp-content\/uploads\/2020\/04\/cropped-logo-e1570472900624.jpg\",\"width\":240,\"height\":64,\"caption\":\"Blog\"},\"image\":{\"@id\":\"https:\/\/www.2em.ch\/blog\/#\/schema\/logo\/image\/\"}},{\"@type\":\"Person\",\"@id\":\"https:\/\/www.2em.ch\/blog\/#\/schema\/person\/35abc3aa6d312e96aeab72169c4eb27a\",\"name\":\"Michael\",\"image\":{\"@type\":\"ImageObject\",\"inLanguage\":\"fr-FR\",\"@id\":\"https:\/\/www.2em.ch\/blog\/#\/schema\/person\/image\/\",\"url\":\"https:\/\/secure.gravatar.com\/avatar\/6fd58b0a1b7c572811d490a8459e2403?s=96&d=blank&r=g\",\"contentUrl\":\"https:\/\/secure.gravatar.com\/avatar\/6fd58b0a1b7c572811d490a8459e2403?s=96&d=blank&r=g\",\"caption\":\"Michael\"}}]}<\/script>\n<!-- \/ Yoast SEO plugin. -->","yoast_head_json":{"title":"Tout savoir sur la marque Mercedes - Blog","robots":{"index":"index","follow":"follow","max-snippet":"max-snippet:-1","max-image-preview":"max-image-preview:large","max-video-preview":"max-video-preview:-1"},"canonical":"https:\/\/www.2em.ch\/blog\/tout-savoir-sur-la-marque-mercedes\/","og_locale":"fr_FR","og_type":"article","og_title":"Tout savoir sur la marque Mercedes - Blog","og_description":"Symbole du luxe automobile allemand, Mercedes est une marque de v\u00e9hicules automobiles, d\u2019autocars, de camions et d\u2019autobus. Fruit de la fusion des constructeurs que sont Daimler-Motoren-Gesellschaft, Benz &amp; Cie et...","og_url":"https:\/\/www.2em.ch\/blog\/tout-savoir-sur-la-marque-mercedes\/","og_site_name":"Blog","article_published_time":"2020-04-28T09:33:06+00:00","article_modified_time":"2020-05-07T18:09:05+00:00","og_image":[{"width":1010,"height":672,"url":"https:\/\/www.2em.ch\/blog\/wp-content\/uploads\/2020\/04\/pm5Mbj_t20_8kApEg.jpg","type":"image\/jpeg"}],"author":"Michael","twitter_card":"summary_large_image","twitter_misc":{"\u00c9crit par":"Michael","Dur\u00e9e de lecture estim\u00e9e":"3 minutes"},"schema":{"@context":"https:\/\/schema.org","@graph":[{"@type":"Article","@id":"https:\/\/www.2em.ch\/blog\/tout-savoir-sur-la-marque-mercedes\/#article","isPartOf":{"@id":"https:\/\/www.2em.ch\/blog\/tout-savoir-sur-la-marque-mercedes\/"},"author":{"name":"Michael","@id":"https:\/\/www.2em.ch\/blog\/#\/schema\/person\/35abc3aa6d312e96aeab72169c4eb27a"},"headline":"Tout savoir sur la marque Mercedes","datePublished":"2020-04-28T09:33:06+00:00","dateModified":"2020-05-07T18:09:05+00:00","mainEntityOfPage":{"@id":"https:\/\/www.2em.ch\/blog\/tout-savoir-sur-la-marque-mercedes\/"},"wordCount":604,"publisher":{"@id":"https:\/\/www.2em.ch\/blog\/#organization"},"articleSection":["Marques"],"inLanguage":"fr-FR"},{"@type":"WebPage","@id":"https:\/\/www.2em.ch\/blog\/tout-savoir-sur-la-marque-mercedes\/","url":"https:\/\/www.2em.ch\/blog\/tout-savoir-sur-la-marque-mercedes\/","name":"Tout savoir sur la marque Mercedes - Blog","isPartOf":{"@id":"https:\/\/www.2em.ch\/blog\/#website"},"datePublished":"2020-04-28T09:33:06+00:00","dateModified":"2020-05-07T18:09:05+00:00","breadcrumb":{"@id":"https:\/\/www.2em.ch\/blog\/tout-savoir-sur-la-marque-mercedes\/#breadcrumb"},"inLanguage":"fr-FR","potentialAction":[{"@type":"ReadAction","target":["https:\/\/www.2em.ch\/blog\/tout-savoir-sur-la-marque-mercedes\/"]}]},{"@type":"BreadcrumbList","@id":"https:\/\/www.2em.ch\/blog\/tout-savoir-sur-la-marque-mercedes\/#breadcrumb","itemListElement":[{"@type":"ListItem","position":1,"name":"Blog carsharing","item":"https:\/\/www.2em.ch\/blog\/"},{"@type":"ListItem","position":2,"name":"Tout savoir sur la marque Mercedes"}]},{"@type":"WebSite","@id":"https:\/\/www.2em.ch\/blog\/#website","url":"https:\/\/www.2em.ch\/blog\/","name":"Blog","description":"Plateforme Suisse d&#039;autopartage","publisher":{"@id":"https:\/\/www.2em.ch\/blog\/#organization"},"potentialAction":[{"@type":"SearchAction","target":{"@type":"EntryPoint","urlTemplate":"https:\/\/www.2em.ch\/blog\/?s={search_term_string}"},"query-input":"required name=search_term_string"}],"inLanguage":"fr-FR"},{"@type":"Organization","@id":"https:\/\/www.2em.ch\/blog\/#organization","name":"Blog","url":"https:\/\/www.2em.ch\/blog\/","logo":{"@type":"ImageObject","inLanguage":"fr-FR","@id":"https:\/\/www.2em.ch\/blog\/#\/schema\/logo\/image\/","url":"https:\/\/www.2em.ch\/blog\/wp-content\/uploads\/2020\/04\/cropped-logo-e1570472900624.jpg","contentUrl":"https:\/\/www.2em.ch\/blog\/wp-content\/uploads\/2020\/04\/cropped-logo-e1570472900624.jpg","width":240,"height":64,"caption":"Blog"},"image":{"@id":"https:\/\/www.2em.ch\/blog\/#\/schema\/logo\/image\/"}},{"@type":"Person","@id":"https:\/\/www.2em.ch\/blog\/#\/schema\/person\/35abc3aa6d312e96aeab72169c4eb27a","name":"Michael","image":{"@type":"ImageObject","inLanguage":"fr-FR","@id":"https:\/\/www.2em.ch\/blog\/#\/schema\/person\/image\/","url":"https:\/\/secure.gravatar.com\/avatar\/6fd58b0a1b7c572811d490a8459e2403?s=96&d=blank&r=g","contentUrl":"https:\/\/secure.gravatar.com\/avatar\/6fd58b0a1b7c572811d490a8459e2403?s=96&d=blank&r=g","caption":"Michael"}}]}},"_links":{"self":[{"href":"https:\/\/www.2em.ch\/blog\/wp-json\/wp\/v2\/posts\/456"}],"collection":[{"href":"https:\/\/www.2em.ch\/blog\/wp-json\/wp\/v2\/posts"}],"about":[{"href":"https:\/\/www.2em.ch\/blog\/wp-json\/wp\/v2\/types\/post"}],"author":[{"embeddable":true,"href":"https:\/\/www.2em.ch\/blog\/wp-json\/wp\/v2\/users\/11"}],"replies":[{"embeddable":true,"href":"https:\/\/www.2em.ch\/blog\/wp-json\/wp\/v2\/comments?post=456"}],"version-history":[{"count":3,"href":"https:\/\/www.2em.ch\/blog\/wp-json\/wp\/v2\/posts\/456\/revisions"}],"predecessor-version":[{"id":571,"href":"https:\/\/www.2em.ch\/blog\/wp-json\/wp\/v2\/posts\/456\/revisions\/571"}],"wp:featuredmedia":[{"embeddable":true,"href":"https:\/\/www.2em.ch\/blog\/wp-json\/wp\/v2\/media\/459"}],"wp:attachment":[{"href":"https:\/\/www.2em.ch\/blog\/wp-json\/wp\/v2\/media?parent=456"}],"wp:term":[{"taxonomy":"category","embeddable":true,"href":"https:\/\/www.2em.ch\/blog\/wp-json\/wp\/v2\/categories?post=456"},{"taxonomy":"post_tag","embeddable":true,"href":"https:\/\/www.2em.ch\/blog\/wp-json\/wp\/v2\/tags?post=456"}],"curies":[{"name":"wp","href":"https:\/\/api.w.org\/{rel}","templated":true}]}}