{"id":424,"date":"2020-03-11T15:49:55","date_gmt":"2020-03-11T14:49:55","guid":{"rendered":"https:\/\/www.2em.ch\/blog\/?p=424"},"modified":"2020-06-22T16:06:38","modified_gmt":"2020-06-22T14:06:38","slug":"2em-a-la-rescousse-des-malades-du-coronavirus","status":"publish","type":"post","link":"https:\/\/www.2em.ch\/blog\/2em-a-la-rescousse-des-malades-du-coronavirus\/","title":{"rendered":"2EM \u00e0 la rescousse des malades du coronavirus"},"content":{"rendered":"\n<p>Ces derniers jours ont vu le nombre de personnes touch\u00e9es par le coronavirus grimper. En effet la propagation du virus a non seulement atteint l\u2019Europe, l\u2019Italie mais aussi notre cher pays.<br><\/p>\n\n\n\n<p>A l\u2019heure o\u00f9 nous r\u00e9digeons cet article, plusieurs centaines de cas sont confirm\u00e9s et plusieurs manifestations annul\u00e9es, dont le c\u00e9l\u00e8bre <a href=\"https:\/\/www.20min.ch\/ro\/news\/geneve\/story\/Salon-de-l-auto-annule--les-pertes-seront-fracassantes-14422101\">salon de l\u2019auto de Gen\u00e8ve<\/a>.<br><\/p>\n\n\n\n<p>Il est pour l\u2019heure inutile de sombrer dans la parano\u00efa, toutefois des mesures de s\u00e9curit\u00e9, d\u2019hygi\u00e8ne et de pr\u00e9vention doivent \u00eatre prises au s\u00e9rieux.<br><\/p>\n\n\n\n<!--more-->\n\n\n\n<h2><strong>2EM s\u2019engage aupr\u00e8s des personnes vuln\u00e9rables<\/strong><br><\/h2>\n\n\n\n<p>Par \u00e9lan de solidarit\u00e9 et parce que la maladie peut toucher tout le monde, nous avons d\u00e9cid\u00e9 d\u2019offrir la <a href=\"https:\/\/www.2em.ch\/\">location d\u2019un v\u00e9hicule<\/a> \u00e0 toutes les personnes qui doivent se rendre \u00e0 l\u2019h\u00f4pital et qui ne disposent pas d\u2019un v\u00e9hicule priv\u00e9. Ceci \u00e9vitera que ces personnes ne propagent le virus dans les transports publics.&nbsp;<br><\/p>\n\n\n\n<p>Vous avez <strong>besoin d\u2019un v\u00e9hicule pour vous d\u00e9placer \u00e0 l\u2019h\u00f4pital<\/strong>, vous pouvez nous contacter directement pour mettre cette mesure en place.<br><\/p>\n\n\n\n<h2><strong>Aidez-nous \u00e0 ralentir l\u2019expansion de l\u2019\u00e9pid\u00e9mie en Suisse.<\/strong><br><\/h2>\n\n\n\n<p>Ensemble, nous pouvons ralentir la prolif\u00e9ration du virus dans le territoire.&nbsp;<br><\/p>\n\n\n\n<p>Nous avons besoin de vous pour <strong>passer le message<\/strong>.<br><\/p>\n\n\n\n<p><strong>Partagez cet article <\/strong>sur les r\u00e9seaux sociaux et aupr\u00e8s des personnes qui pourraient b\u00e9n\u00e9ficier de cette offre.<\/p>\n","protected":false},"excerpt":{"rendered":"<p>Ces derniers jours ont vu le nombre de personnes touch\u00e9es par le coronavirus grimper. En effet la propagation du virus a non seulement atteint l\u2019Europe, l\u2019Italie mais aussi notre cher&#8230;<\/p>\n","protected":false},"author":11,"featured_media":379,"comment_status":"closed","ping_status":"closed","sticky":false,"template":"","format":"gallery","meta":[],"categories":[2],"tags":[],"yoast_head":"<!-- This site is optimized with the Yoast SEO plugin v19.9 - https:\/\/yoast.com\/wordpress\/plugins\/seo\/ -->\n<title>2EM \u00e0 la rescousse des malades du coronavirus - Blog<\/title>\n<meta name=\"robots\" content=\"index, follow, max-snippet:-1, max-image-preview:large, max-video-preview:-1\" \/>\n<link rel=\"canonical\" href=\"https:\/\/www.2em.ch\/blog\/2em-a-la-rescousse-des-malades-du-coronavirus\/\" \/>\n<meta property=\"og:locale\" content=\"fr_FR\" \/>\n<meta property=\"og:type\" content=\"article\" \/>\n<meta property=\"og:title\" content=\"2EM \u00e0 la rescousse des malades du coronavirus - Blog\" \/>\n<meta property=\"og:description\" content=\"Ces derniers jours ont vu le nombre de personnes touch\u00e9es par le coronavirus grimper. En effet la propagation du virus a non seulement atteint l\u2019Europe, l\u2019Italie mais aussi notre cher...\" \/>\n<meta property=\"og:url\" content=\"https:\/\/www.2em.ch\/blog\/2em-a-la-rescousse-des-malades-du-coronavirus\/\" \/>\n<meta property=\"og:site_name\" content=\"Blog\" \/>\n<meta property=\"article:published_time\" content=\"2020-03-11T14:49:55+00:00\" \/>\n<meta property=\"article:modified_time\" content=\"2020-06-22T14:06:38+00:00\" \/>\n<meta property=\"og:image\" content=\"https:\/\/www.2em.ch\/blog\/wp-content\/uploads\/2019\/10\/2em_photo_82361711_M.jpg\" \/>\n\t<meta property=\"og:image:width\" content=\"1688\" \/>\n\t<meta property=\"og:image:height\" content=\"1125\" \/>\n\t<meta property=\"og:image:type\" content=\"image\/jpeg\" \/>\n<meta name=\"author\" content=\"Michael\" \/>\n<meta name=\"twitter:card\" content=\"summary_large_image\" \/>\n<meta name=\"twitter:label1\" content=\"\u00c9crit par\" \/>\n\t<meta name=\"twitter:data1\" content=\"Michael\" \/>\n\t<meta name=\"twitter:label2\" content=\"Dur\u00e9e de lecture estim\u00e9e\" \/>\n\t<meta name=\"twitter:data2\" content=\"1 minute\" \/>\n<script type=\"application\/ld+json\" class=\"yoast-schema-graph\">{\"@context\":\"https:\/\/schema.org\",\"@graph\":[{\"@type\":\"Article\",\"@id\":\"https:\/\/www.2em.ch\/blog\/2em-a-la-rescousse-des-malades-du-coronavirus\/#article\",\"isPartOf\":{\"@id\":\"https:\/\/www.2em.ch\/blog\/2em-a-la-rescousse-des-malades-du-coronavirus\/\"},\"author\":{\"name\":\"Michael\",\"@id\":\"https:\/\/www.2em.ch\/blog\/#\/schema\/person\/35abc3aa6d312e96aeab72169c4eb27a\"},\"headline\":\"2EM \u00e0 la rescousse des malades du coronavirus\",\"datePublished\":\"2020-03-11T14:49:55+00:00\",\"dateModified\":\"2020-06-22T14:06:38+00:00\",\"mainEntityOfPage\":{\"@id\":\"https:\/\/www.2em.ch\/blog\/2em-a-la-rescousse-des-malades-du-coronavirus\/\"},\"wordCount\":252,\"publisher\":{\"@id\":\"https:\/\/www.2em.ch\/blog\/#organization\"},\"articleSection\":[\"Actualit\u00e9s 2em\"],\"inLanguage\":\"fr-FR\"},{\"@type\":\"WebPage\",\"@id\":\"https:\/\/www.2em.ch\/blog\/2em-a-la-rescousse-des-malades-du-coronavirus\/\",\"url\":\"https:\/\/www.2em.ch\/blog\/2em-a-la-rescousse-des-malades-du-coronavirus\/\",\"name\":\"2EM \u00e0 la rescousse des malades du coronavirus - Blog\",\"isPartOf\":{\"@id\":\"https:\/\/www.2em.ch\/blog\/#website\"},\"datePublished\":\"2020-03-11T14:49:55+00:00\",\"dateModified\":\"2020-06-22T14:06:38+00:00\",\"breadcrumb\":{\"@id\":\"https:\/\/www.2em.ch\/blog\/2em-a-la-rescousse-des-malades-du-coronavirus\/#breadcrumb\"},\"inLanguage\":\"fr-FR\",\"potentialAction\":[{\"@type\":\"ReadAction\",\"target\":[\"https:\/\/www.2em.ch\/blog\/2em-a-la-rescousse-des-malades-du-coronavirus\/\"]}]},{\"@type\":\"BreadcrumbList\",\"@id\":\"https:\/\/www.2em.ch\/blog\/2em-a-la-rescousse-des-malades-du-coronavirus\/#breadcrumb\",\"itemListElement\":[{\"@type\":\"ListItem\",\"position\":1,\"name\":\"Blog carsharing\",\"item\":\"https:\/\/www.2em.ch\/blog\/\"},{\"@type\":\"ListItem\",\"position\":2,\"name\":\"2EM \u00e0 la rescousse des malades du coronavirus\"}]},{\"@type\":\"WebSite\",\"@id\":\"https:\/\/www.2em.ch\/blog\/#website\",\"url\":\"https:\/\/www.2em.ch\/blog\/\",\"name\":\"Blog\",\"description\":\"Plateforme Suisse d&#039;autopartage\",\"publisher\":{\"@id\":\"https:\/\/www.2em.ch\/blog\/#organization\"},\"potentialAction\":[{\"@type\":\"SearchAction\",\"target\":{\"@type\":\"EntryPoint\",\"urlTemplate\":\"https:\/\/www.2em.ch\/blog\/?s={search_term_string}\"},\"query-input\":\"required name=search_term_string\"}],\"inLanguage\":\"fr-FR\"},{\"@type\":\"Organization\",\"@id\":\"https:\/\/www.2em.ch\/blog\/#organization\",\"name\":\"Blog\",\"url\":\"https:\/\/www.2em.ch\/blog\/\",\"logo\":{\"@type\":\"ImageObject\",\"inLanguage\":\"fr-FR\",\"@id\":\"https:\/\/www.2em.ch\/blog\/#\/schema\/logo\/image\/\",\"url\":\"https:\/\/www.2em.ch\/blog\/wp-content\/uploads\/2020\/04\/cropped-logo-e1570472900624.jpg\",\"contentUrl\":\"https:\/\/www.2em.ch\/blog\/wp-content\/uploads\/2020\/04\/cropped-logo-e1570472900624.jpg\",\"width\":240,\"height\":64,\"caption\":\"Blog\"},\"image\":{\"@id\":\"https:\/\/www.2em.ch\/blog\/#\/schema\/logo\/image\/\"}},{\"@type\":\"Person\",\"@id\":\"https:\/\/www.2em.ch\/blog\/#\/schema\/person\/35abc3aa6d312e96aeab72169c4eb27a\",\"name\":\"Michael\",\"image\":{\"@type\":\"ImageObject\",\"inLanguage\":\"fr-FR\",\"@id\":\"https:\/\/www.2em.ch\/blog\/#\/schema\/person\/image\/\",\"url\":\"https:\/\/secure.gravatar.com\/avatar\/6fd58b0a1b7c572811d490a8459e2403?s=96&d=blank&r=g\",\"contentUrl\":\"https:\/\/secure.gravatar.com\/avatar\/6fd58b0a1b7c572811d490a8459e2403?s=96&d=blank&r=g\",\"caption\":\"Michael\"}}]}<\/script>\n<!-- \/ Yoast SEO plugin. -->","yoast_head_json":{"title":"2EM \u00e0 la rescousse des malades du coronavirus - Blog","robots":{"index":"index","follow":"follow","max-snippet":"max-snippet:-1","max-image-preview":"max-image-preview:large","max-video-preview":"max-video-preview:-1"},"canonical":"https:\/\/www.2em.ch\/blog\/2em-a-la-rescousse-des-malades-du-coronavirus\/","og_locale":"fr_FR","og_type":"article","og_title":"2EM \u00e0 la rescousse des malades du coronavirus - Blog","og_description":"Ces derniers jours ont vu le nombre de personnes touch\u00e9es par le coronavirus grimper. En effet la propagation du virus a non seulement atteint l\u2019Europe, l\u2019Italie mais aussi notre cher...","og_url":"https:\/\/www.2em.ch\/blog\/2em-a-la-rescousse-des-malades-du-coronavirus\/","og_site_name":"Blog","article_published_time":"2020-03-11T14:49:55+00:00","article_modified_time":"2020-06-22T14:06:38+00:00","og_image":[{"width":1688,"height":1125,"url":"https:\/\/www.2em.ch\/blog\/wp-content\/uploads\/2019\/10\/2em_photo_82361711_M.jpg","type":"image\/jpeg"}],"author":"Michael","twitter_card":"summary_large_image","twitter_misc":{"\u00c9crit par":"Michael","Dur\u00e9e de lecture estim\u00e9e":"1 minute"},"schema":{"@context":"https:\/\/schema.org","@graph":[{"@type":"Article","@id":"https:\/\/www.2em.ch\/blog\/2em-a-la-rescousse-des-malades-du-coronavirus\/#article","isPartOf":{"@id":"https:\/\/www.2em.ch\/blog\/2em-a-la-rescousse-des-malades-du-coronavirus\/"},"author":{"name":"Michael","@id":"https:\/\/www.2em.ch\/blog\/#\/schema\/person\/35abc3aa6d312e96aeab72169c4eb27a"},"headline":"2EM \u00e0 la rescousse des malades du coronavirus","datePublished":"2020-03-11T14:49:55+00:00","dateModified":"2020-06-22T14:06:38+00:00","mainEntityOfPage":{"@id":"https:\/\/www.2em.ch\/blog\/2em-a-la-rescousse-des-malades-du-coronavirus\/"},"wordCount":252,"publisher":{"@id":"https:\/\/www.2em.ch\/blog\/#organization"},"articleSection":["Actualit\u00e9s 2em"],"inLanguage":"fr-FR"},{"@type":"WebPage","@id":"https:\/\/www.2em.ch\/blog\/2em-a-la-rescousse-des-malades-du-coronavirus\/","url":"https:\/\/www.2em.ch\/blog\/2em-a-la-rescousse-des-malades-du-coronavirus\/","name":"2EM \u00e0 la rescousse des malades du coronavirus - Blog","isPartOf":{"@id":"https:\/\/www.2em.ch\/blog\/#website"},"datePublished":"2020-03-11T14:49:55+00:00","dateModified":"2020-06-22T14:06:38+00:00","breadcrumb":{"@id":"https:\/\/www.2em.ch\/blog\/2em-a-la-rescousse-des-malades-du-coronavirus\/#breadcrumb"},"inLanguage":"fr-FR","potentialAction":[{"@type":"ReadAction","target":["https:\/\/www.2em.ch\/blog\/2em-a-la-rescousse-des-malades-du-coronavirus\/"]}]},{"@type":"BreadcrumbList","@id":"https:\/\/www.2em.ch\/blog\/2em-a-la-rescousse-des-malades-du-coronavirus\/#breadcrumb","itemListElement":[{"@type":"ListItem","position":1,"name":"Blog carsharing","item":"https:\/\/www.2em.ch\/blog\/"},{"@type":"ListItem","position":2,"name":"2EM \u00e0 la rescousse des malades du coronavirus"}]},{"@type":"WebSite","@id":"https:\/\/www.2em.ch\/blog\/#website","url":"https:\/\/www.2em.ch\/blog\/","name":"Blog","description":"Plateforme Suisse d&#039;autopartage","publisher":{"@id":"https:\/\/www.2em.ch\/blog\/#organization"},"potentialAction":[{"@type":"SearchAction","target":{"@type":"EntryPoint","urlTemplate":"https:\/\/www.2em.ch\/blog\/?s={search_term_string}"},"query-input":"required name=search_term_string"}],"inLanguage":"fr-FR"},{"@type":"Organization","@id":"https:\/\/www.2em.ch\/blog\/#organization","name":"Blog","url":"https:\/\/www.2em.ch\/blog\/","logo":{"@type":"ImageObject","inLanguage":"fr-FR","@id":"https:\/\/www.2em.ch\/blog\/#\/schema\/logo\/image\/","url":"https:\/\/www.2em.ch\/blog\/wp-content\/uploads\/2020\/04\/cropped-logo-e1570472900624.jpg","contentUrl":"https:\/\/www.2em.ch\/blog\/wp-content\/uploads\/2020\/04\/cropped-logo-e1570472900624.jpg","width":240,"height":64,"caption":"Blog"},"image":{"@id":"https:\/\/www.2em.ch\/blog\/#\/schema\/logo\/image\/"}},{"@type":"Person","@id":"https:\/\/www.2em.ch\/blog\/#\/schema\/person\/35abc3aa6d312e96aeab72169c4eb27a","name":"Michael","image":{"@type":"ImageObject","inLanguage":"fr-FR","@id":"https:\/\/www.2em.ch\/blog\/#\/schema\/person\/image\/","url":"https:\/\/secure.gravatar.com\/avatar\/6fd58b0a1b7c572811d490a8459e2403?s=96&d=blank&r=g","contentUrl":"https:\/\/secure.gravatar.com\/avatar\/6fd58b0a1b7c572811d490a8459e2403?s=96&d=blank&r=g","caption":"Michael"}}]}},"_links":{"self":[{"href":"https:\/\/www.2em.ch\/blog\/wp-json\/wp\/v2\/posts\/424"}],"collection":[{"href":"https:\/\/www.2em.ch\/blog\/wp-json\/wp\/v2\/posts"}],"about":[{"href":"https:\/\/www.2em.ch\/blog\/wp-json\/wp\/v2\/types\/post"}],"author":[{"embeddable":true,"href":"https:\/\/www.2em.ch\/blog\/wp-json\/wp\/v2\/users\/11"}],"replies":[{"embeddable":true,"href":"https:\/\/www.2em.ch\/blog\/wp-json\/wp\/v2\/comments?post=424"}],"version-history":[{"count":2,"href":"https:\/\/www.2em.ch\/blog\/wp-json\/wp\/v2\/posts\/424\/revisions"}],"predecessor-version":[{"id":513,"href":"https:\/\/www.2em.ch\/blog\/wp-json\/wp\/v2\/posts\/424\/revisions\/513"}],"wp:featuredmedia":[{"embeddable":true,"href":"https:\/\/www.2em.ch\/blog\/wp-json\/wp\/v2\/media\/379"}],"wp:attachment":[{"href":"https:\/\/www.2em.ch\/blog\/wp-json\/wp\/v2\/media?parent=424"}],"wp:term":[{"taxonomy":"category","embeddable":true,"href":"https:\/\/www.2em.ch\/blog\/wp-json\/wp\/v2\/categories?post=424"},{"taxonomy":"post_tag","embeddable":true,"href":"https:\/\/www.2em.ch\/blog\/wp-json\/wp\/v2\/tags?post=424"}],"curies":[{"name":"wp","href":"https:\/\/api.w.org\/{rel}","templated":true}]}}