{"id":415,"date":"2020-02-19T11:14:59","date_gmt":"2020-02-19T10:14:59","guid":{"rendered":"https:\/\/www.2em.ch\/blog\/?p=415"},"modified":"2020-04-28T18:37:21","modified_gmt":"2020-04-28T16:37:21","slug":"portrait-lionel-le-grand-passionne-de-voitures","status":"publish","type":"post","link":"https:\/\/www.2em.ch\/blog\/portrait-lionel-le-grand-passionne-de-voitures\/","title":{"rendered":"Portrait: Lionel, le grand passionn\u00e9 de voitures"},"content":{"rendered":"\n<p>En tant que responsable de services dans une concession automobile, Lionel poss\u00e8de lui-m\u00eame plusieurs voitures. Il propose d\u00e9j\u00e0 3 v\u00e9hicules sur le site d&rsquo;<a href=\"https:\/\/www.2em.ch\/\">autopartage 2EM<\/a> : une <a href=\"https:\/\/www.2em.ch\/index.php?option=com_autos&amp;view=auto&amp;id=2791\">Mini Countryman S 4&#215;4<\/a>, une <a href=\"https:\/\/www.2em.ch\/index.php?option=com_autos&amp;view=auto&amp;id=3134\">Seat Ibiza TSI<\/a> et une superbe <a href=\"https:\/\/www.2em.ch\/index.php?option=com_autos&amp;view=auto&amp;id=1680\">Audi RS3 4&#215;4<\/a>. Le fait de les mettre \u00e0 disposition lui permet de partager sa passion et de r\u00e9duire ses co\u00fbts. Lionel fait \u00e9galement de la moto et un peu de sport, mais pas trop quand m\u00eame \ud83d\ude1c<\/p>\n\n\n\n<p>\u201cCombien de locations as-tu faites sur 2EM jusqu\u2019\u00e0 aujourd\u2019hui?\u201d<br>\nJusqu&rsquo;\u00e0 pr\u00e9sent, j&rsquo;ai pu mettre mes v\u00e9hicules \u00e0 disposition de 3-4 personnes. Tout s&rsquo;est toujours bien pass\u00e9 avec les locataires.<\/p>\n\n\n\n<ul class=\"wp-container-2 wp-block-gallery-1 wp-block-gallery columns-1 is-cropped\"><li class=\"blocks-gallery-item\"><figure><img loading=\"lazy\" width=\"600\" height=\"400\" src=\"https:\/\/www.2em.ch\/blog\/wp-content\/uploads\/2020\/02\/seat-ibiza-tsi.jpg\" alt=\"\" data-id=\"417\" data-link=\"https:\/\/www.2em.ch\/blog\/?attachment_id=417\" class=\"wp-image-417\" srcset=\"https:\/\/www.2em.ch\/blog\/wp-content\/uploads\/2020\/02\/seat-ibiza-tsi.jpg 600w, https:\/\/www.2em.ch\/blog\/wp-content\/uploads\/2020\/02\/seat-ibiza-tsi-300x200.jpg 300w\" sizes=\"(max-width: 600px) 100vw, 600px\" \/><\/figure><\/li><\/ul>\n\n\n\n<p>\u201cRaconte-nous ta meilleure exp\u00e9rience avec un locataire.\u201d<br>\nQuelque chose que j\u2019ai d\u00e9couvert avec l\u2019autopartage et que j\u2019aime beaucoup, c\u2019est qu\u2019on rencontre des gens et qu\u2019on partage notre passion avec eux.<br>\nUn couple d&rsquo;Argoviens est venu en Valais pour rouler mon Audi RS3 pendant 4 heures. C&rsquo;\u00e9tait un cadeau &#8211; surprise pour son copain, passionn\u00e9 par ce v\u00e9hicule!<\/p>\n\n\n\n<figure class=\"wp-block-image\"><img loading=\"lazy\" width=\"600\" height=\"451\" src=\"https:\/\/www.2em.ch\/blog\/wp-content\/uploads\/2020\/02\/audi-rs3-4x4.jpg\" alt=\"\" class=\"wp-image-418\" srcset=\"https:\/\/www.2em.ch\/blog\/wp-content\/uploads\/2020\/02\/audi-rs3-4x4.jpg 600w, https:\/\/www.2em.ch\/blog\/wp-content\/uploads\/2020\/02\/audi-rs3-4x4-300x226.jpg 300w\" sizes=\"(max-width: 600px) 100vw, 600px\" \/><\/figure>\n\n\n\n<p>\u201cQuels aspects de 2EM te plaisent particuli\u00e8rement?\u201d<br>\nLe concept est top et Youness, le fondateur de la plate-forme est super disponible, arrangeant et sympa.<br>\n\u201cQuelles am\u00e9liorations proposes-tu pour la plateforme 2EM ?\u201d<br>\nIl faudrait pouvoir notifier deux lieux de stationnement du v\u00e9hicule, qui seraient visibles en ligne sur la plate-forme. Pouvoir d\u00e9finir un tarif temporaire si l&rsquo;on d\u00e9cide de faire une offre sp\u00e9ciale \u00e0 un locataire. Et qui sait, ouvrir un onglet pour les motos ?! \u00c7a permettrait \u00e0 ma Buell de rouler plus r\u00e9guli\u00e8rement \ud83d\ude01..<\/p>\n\n\n\n<p>Toi aussi, fais comme Lionel et commence \u00e0 rentabiliser ton v\u00e9hicule d\u00e8s maintenant! Insertion d&rsquo;annonce facile et rapide sur <a href=\"https:\/\/www.2em.ch\/\">2EM.ch<\/a>.<\/p>\n","protected":false},"excerpt":{"rendered":"<p>En tant que responsable de services dans une concession automobile, Lionel poss\u00e8de lui-m\u00eame plusieurs voitures. Il propose d\u00e9j\u00e0 3 v\u00e9hicules sur le site d&rsquo;autopartage 2EM : une Mini Countryman S&#8230;<\/p>\n","protected":false},"author":8,"featured_media":416,"comment_status":"closed","ping_status":"closed","sticky":false,"template":"","format":"gallery","meta":[],"categories":[1,2],"tags":[],"yoast_head":"<!-- This site is optimized with the Yoast SEO plugin v19.9 - https:\/\/yoast.com\/wordpress\/plugins\/seo\/ -->\n<title>Portrait: Lionel, le grand passionn\u00e9 de voitures - Blog<\/title>\n<meta name=\"robots\" content=\"index, follow, max-snippet:-1, max-image-preview:large, max-video-preview:-1\" \/>\n<link rel=\"canonical\" href=\"https:\/\/www.2em.ch\/blog\/portrait-lionel-le-grand-passionne-de-voitures\/\" \/>\n<meta property=\"og:locale\" content=\"fr_FR\" \/>\n<meta property=\"og:type\" content=\"article\" \/>\n<meta property=\"og:title\" content=\"Portrait: Lionel, le grand passionn\u00e9 de voitures - Blog\" \/>\n<meta property=\"og:description\" content=\"En tant que responsable de services dans une concession automobile, Lionel poss\u00e8de lui-m\u00eame plusieurs voitures. Il propose d\u00e9j\u00e0 3 v\u00e9hicules sur le site d&rsquo;autopartage 2EM : une Mini Countryman S...\" \/>\n<meta property=\"og:url\" content=\"https:\/\/www.2em.ch\/blog\/portrait-lionel-le-grand-passionne-de-voitures\/\" \/>\n<meta property=\"og:site_name\" content=\"Blog\" \/>\n<meta property=\"article:published_time\" content=\"2020-02-19T10:14:59+00:00\" \/>\n<meta property=\"article:modified_time\" content=\"2020-04-28T16:37:21+00:00\" \/>\n<meta property=\"og:image\" content=\"https:\/\/www.2em.ch\/blog\/wp-content\/uploads\/2020\/02\/mini-countryman-s-4x4.jpg\" \/>\n\t<meta property=\"og:image:width\" content=\"600\" \/>\n\t<meta property=\"og:image:height\" content=\"416\" \/>\n\t<meta property=\"og:image:type\" content=\"image\/jpeg\" \/>\n<meta name=\"author\" content=\"oussama\" \/>\n<meta name=\"twitter:card\" content=\"summary_large_image\" \/>\n<meta name=\"twitter:label1\" content=\"\u00c9crit par\" \/>\n\t<meta name=\"twitter:data1\" content=\"oussama\" \/>\n\t<meta name=\"twitter:label2\" content=\"Dur\u00e9e de lecture estim\u00e9e\" \/>\n\t<meta name=\"twitter:data2\" content=\"1 minute\" \/>\n<script type=\"application\/ld+json\" class=\"yoast-schema-graph\">{\"@context\":\"https:\/\/schema.org\",\"@graph\":[{\"@type\":\"Article\",\"@id\":\"https:\/\/www.2em.ch\/blog\/portrait-lionel-le-grand-passionne-de-voitures\/#article\",\"isPartOf\":{\"@id\":\"https:\/\/www.2em.ch\/blog\/portrait-lionel-le-grand-passionne-de-voitures\/\"},\"author\":{\"name\":\"oussama\",\"@id\":\"https:\/\/www.2em.ch\/blog\/#\/schema\/person\/56b6776142de1f8df1e212fdd370511a\"},\"headline\":\"Portrait: Lionel, le grand passionn\u00e9 de voitures\",\"datePublished\":\"2020-02-19T10:14:59+00:00\",\"dateModified\":\"2020-04-28T16:37:21+00:00\",\"mainEntityOfPage\":{\"@id\":\"https:\/\/www.2em.ch\/blog\/portrait-lionel-le-grand-passionne-de-voitures\/\"},\"wordCount\":294,\"publisher\":{\"@id\":\"https:\/\/www.2em.ch\/blog\/#organization\"},\"articleSection\":[\"2EM Lifestyle\",\"Actualit\u00e9s 2em\"],\"inLanguage\":\"fr-FR\"},{\"@type\":\"WebPage\",\"@id\":\"https:\/\/www.2em.ch\/blog\/portrait-lionel-le-grand-passionne-de-voitures\/\",\"url\":\"https:\/\/www.2em.ch\/blog\/portrait-lionel-le-grand-passionne-de-voitures\/\",\"name\":\"Portrait: Lionel, le grand passionn\u00e9 de voitures - Blog\",\"isPartOf\":{\"@id\":\"https:\/\/www.2em.ch\/blog\/#website\"},\"datePublished\":\"2020-02-19T10:14:59+00:00\",\"dateModified\":\"2020-04-28T16:37:21+00:00\",\"breadcrumb\":{\"@id\":\"https:\/\/www.2em.ch\/blog\/portrait-lionel-le-grand-passionne-de-voitures\/#breadcrumb\"},\"inLanguage\":\"fr-FR\",\"potentialAction\":[{\"@type\":\"ReadAction\",\"target\":[\"https:\/\/www.2em.ch\/blog\/portrait-lionel-le-grand-passionne-de-voitures\/\"]}]},{\"@type\":\"BreadcrumbList\",\"@id\":\"https:\/\/www.2em.ch\/blog\/portrait-lionel-le-grand-passionne-de-voitures\/#breadcrumb\",\"itemListElement\":[{\"@type\":\"ListItem\",\"position\":1,\"name\":\"Blog carsharing\",\"item\":\"https:\/\/www.2em.ch\/blog\/\"},{\"@type\":\"ListItem\",\"position\":2,\"name\":\"Portrait: Lionel, le grand passionn\u00e9 de voitures\"}]},{\"@type\":\"WebSite\",\"@id\":\"https:\/\/www.2em.ch\/blog\/#website\",\"url\":\"https:\/\/www.2em.ch\/blog\/\",\"name\":\"Blog\",\"description\":\"Plateforme Suisse d&#039;autopartage\",\"publisher\":{\"@id\":\"https:\/\/www.2em.ch\/blog\/#organization\"},\"potentialAction\":[{\"@type\":\"SearchAction\",\"target\":{\"@type\":\"EntryPoint\",\"urlTemplate\":\"https:\/\/www.2em.ch\/blog\/?s={search_term_string}\"},\"query-input\":\"required name=search_term_string\"}],\"inLanguage\":\"fr-FR\"},{\"@type\":\"Organization\",\"@id\":\"https:\/\/www.2em.ch\/blog\/#organization\",\"name\":\"Blog\",\"url\":\"https:\/\/www.2em.ch\/blog\/\",\"logo\":{\"@type\":\"ImageObject\",\"inLanguage\":\"fr-FR\",\"@id\":\"https:\/\/www.2em.ch\/blog\/#\/schema\/logo\/image\/\",\"url\":\"https:\/\/www.2em.ch\/blog\/wp-content\/uploads\/2020\/04\/cropped-logo-e1570472900624.jpg\",\"contentUrl\":\"https:\/\/www.2em.ch\/blog\/wp-content\/uploads\/2020\/04\/cropped-logo-e1570472900624.jpg\",\"width\":240,\"height\":64,\"caption\":\"Blog\"},\"image\":{\"@id\":\"https:\/\/www.2em.ch\/blog\/#\/schema\/logo\/image\/\"}},{\"@type\":\"Person\",\"@id\":\"https:\/\/www.2em.ch\/blog\/#\/schema\/person\/56b6776142de1f8df1e212fdd370511a\",\"name\":\"oussama\",\"image\":{\"@type\":\"ImageObject\",\"inLanguage\":\"fr-FR\",\"@id\":\"https:\/\/www.2em.ch\/blog\/#\/schema\/person\/image\/\",\"url\":\"https:\/\/secure.gravatar.com\/avatar\/170dcd2074ef3cb4faa30d74940cb200?s=96&d=blank&r=g\",\"contentUrl\":\"https:\/\/secure.gravatar.com\/avatar\/170dcd2074ef3cb4faa30d74940cb200?s=96&d=blank&r=g\",\"caption\":\"oussama\"}}]}<\/script>\n<!-- \/ Yoast SEO plugin. -->","yoast_head_json":{"title":"Portrait: Lionel, le grand passionn\u00e9 de voitures - Blog","robots":{"index":"index","follow":"follow","max-snippet":"max-snippet:-1","max-image-preview":"max-image-preview:large","max-video-preview":"max-video-preview:-1"},"canonical":"https:\/\/www.2em.ch\/blog\/portrait-lionel-le-grand-passionne-de-voitures\/","og_locale":"fr_FR","og_type":"article","og_title":"Portrait: Lionel, le grand passionn\u00e9 de voitures - Blog","og_description":"En tant que responsable de services dans une concession automobile, Lionel poss\u00e8de lui-m\u00eame plusieurs voitures. Il propose d\u00e9j\u00e0 3 v\u00e9hicules sur le site d&rsquo;autopartage 2EM : une Mini Countryman S...","og_url":"https:\/\/www.2em.ch\/blog\/portrait-lionel-le-grand-passionne-de-voitures\/","og_site_name":"Blog","article_published_time":"2020-02-19T10:14:59+00:00","article_modified_time":"2020-04-28T16:37:21+00:00","og_image":[{"width":600,"height":416,"url":"https:\/\/www.2em.ch\/blog\/wp-content\/uploads\/2020\/02\/mini-countryman-s-4x4.jpg","type":"image\/jpeg"}],"author":"oussama","twitter_card":"summary_large_image","twitter_misc":{"\u00c9crit par":"oussama","Dur\u00e9e de lecture estim\u00e9e":"1 minute"},"schema":{"@context":"https:\/\/schema.org","@graph":[{"@type":"Article","@id":"https:\/\/www.2em.ch\/blog\/portrait-lionel-le-grand-passionne-de-voitures\/#article","isPartOf":{"@id":"https:\/\/www.2em.ch\/blog\/portrait-lionel-le-grand-passionne-de-voitures\/"},"author":{"name":"oussama","@id":"https:\/\/www.2em.ch\/blog\/#\/schema\/person\/56b6776142de1f8df1e212fdd370511a"},"headline":"Portrait: Lionel, le grand passionn\u00e9 de voitures","datePublished":"2020-02-19T10:14:59+00:00","dateModified":"2020-04-28T16:37:21+00:00","mainEntityOfPage":{"@id":"https:\/\/www.2em.ch\/blog\/portrait-lionel-le-grand-passionne-de-voitures\/"},"wordCount":294,"publisher":{"@id":"https:\/\/www.2em.ch\/blog\/#organization"},"articleSection":["2EM Lifestyle","Actualit\u00e9s 2em"],"inLanguage":"fr-FR"},{"@type":"WebPage","@id":"https:\/\/www.2em.ch\/blog\/portrait-lionel-le-grand-passionne-de-voitures\/","url":"https:\/\/www.2em.ch\/blog\/portrait-lionel-le-grand-passionne-de-voitures\/","name":"Portrait: Lionel, le grand passionn\u00e9 de voitures - Blog","isPartOf":{"@id":"https:\/\/www.2em.ch\/blog\/#website"},"datePublished":"2020-02-19T10:14:59+00:00","dateModified":"2020-04-28T16:37:21+00:00","breadcrumb":{"@id":"https:\/\/www.2em.ch\/blog\/portrait-lionel-le-grand-passionne-de-voitures\/#breadcrumb"},"inLanguage":"fr-FR","potentialAction":[{"@type":"ReadAction","target":["https:\/\/www.2em.ch\/blog\/portrait-lionel-le-grand-passionne-de-voitures\/"]}]},{"@type":"BreadcrumbList","@id":"https:\/\/www.2em.ch\/blog\/portrait-lionel-le-grand-passionne-de-voitures\/#breadcrumb","itemListElement":[{"@type":"ListItem","position":1,"name":"Blog carsharing","item":"https:\/\/www.2em.ch\/blog\/"},{"@type":"ListItem","position":2,"name":"Portrait: Lionel, le grand passionn\u00e9 de voitures"}]},{"@type":"WebSite","@id":"https:\/\/www.2em.ch\/blog\/#website","url":"https:\/\/www.2em.ch\/blog\/","name":"Blog","description":"Plateforme Suisse d&#039;autopartage","publisher":{"@id":"https:\/\/www.2em.ch\/blog\/#organization"},"potentialAction":[{"@type":"SearchAction","target":{"@type":"EntryPoint","urlTemplate":"https:\/\/www.2em.ch\/blog\/?s={search_term_string}"},"query-input":"required name=search_term_string"}],"inLanguage":"fr-FR"},{"@type":"Organization","@id":"https:\/\/www.2em.ch\/blog\/#organization","name":"Blog","url":"https:\/\/www.2em.ch\/blog\/","logo":{"@type":"ImageObject","inLanguage":"fr-FR","@id":"https:\/\/www.2em.ch\/blog\/#\/schema\/logo\/image\/","url":"https:\/\/www.2em.ch\/blog\/wp-content\/uploads\/2020\/04\/cropped-logo-e1570472900624.jpg","contentUrl":"https:\/\/www.2em.ch\/blog\/wp-content\/uploads\/2020\/04\/cropped-logo-e1570472900624.jpg","width":240,"height":64,"caption":"Blog"},"image":{"@id":"https:\/\/www.2em.ch\/blog\/#\/schema\/logo\/image\/"}},{"@type":"Person","@id":"https:\/\/www.2em.ch\/blog\/#\/schema\/person\/56b6776142de1f8df1e212fdd370511a","name":"oussama","image":{"@type":"ImageObject","inLanguage":"fr-FR","@id":"https:\/\/www.2em.ch\/blog\/#\/schema\/person\/image\/","url":"https:\/\/secure.gravatar.com\/avatar\/170dcd2074ef3cb4faa30d74940cb200?s=96&d=blank&r=g","contentUrl":"https:\/\/secure.gravatar.com\/avatar\/170dcd2074ef3cb4faa30d74940cb200?s=96&d=blank&r=g","caption":"oussama"}}]}},"_links":{"self":[{"href":"https:\/\/www.2em.ch\/blog\/wp-json\/wp\/v2\/posts\/415"}],"collection":[{"href":"https:\/\/www.2em.ch\/blog\/wp-json\/wp\/v2\/posts"}],"about":[{"href":"https:\/\/www.2em.ch\/blog\/wp-json\/wp\/v2\/types\/post"}],"author":[{"embeddable":true,"href":"https:\/\/www.2em.ch\/blog\/wp-json\/wp\/v2\/users\/8"}],"replies":[{"embeddable":true,"href":"https:\/\/www.2em.ch\/blog\/wp-json\/wp\/v2\/comments?post=415"}],"version-history":[{"count":5,"href":"https:\/\/www.2em.ch\/blog\/wp-json\/wp\/v2\/posts\/415\/revisions"}],"predecessor-version":[{"id":490,"href":"https:\/\/www.2em.ch\/blog\/wp-json\/wp\/v2\/posts\/415\/revisions\/490"}],"wp:featuredmedia":[{"embeddable":true,"href":"https:\/\/www.2em.ch\/blog\/wp-json\/wp\/v2\/media\/416"}],"wp:attachment":[{"href":"https:\/\/www.2em.ch\/blog\/wp-json\/wp\/v2\/media?parent=415"}],"wp:term":[{"taxonomy":"category","embeddable":true,"href":"https:\/\/www.2em.ch\/blog\/wp-json\/wp\/v2\/categories?post=415"},{"taxonomy":"post_tag","embeddable":true,"href":"https:\/\/www.2em.ch\/blog\/wp-json\/wp\/v2\/tags?post=415"}],"curies":[{"name":"wp","href":"https:\/\/api.w.org\/{rel}","templated":true}]}}