{"id":261,"date":"2017-07-12T13:11:19","date_gmt":"2017-07-12T12:11:19","guid":{"rendered":"https:\/\/www.2em.ch\/blog\/?p=261"},"modified":"2020-09-07T11:42:07","modified_gmt":"2020-09-07T09:42:07","slug":"semaine-de-la-mobilite-2017","status":"publish","type":"post","link":"https:\/\/www.2em.ch\/blog\/semaine-de-la-mobilite-2017\/","title":{"rendered":"2EM participe \u00e0 la semaine de la mobilit\u00e9 2017 !"},"content":{"rendered":"<p><img loading=\"lazy\" class=\"wp-image-262 alignnone\" src=\"https:\/\/www.2em.ch\/blog\/wp-content\/uploads\/2017\/07\/slider_theme_2017_text_overlay-300x75.jpg\" alt=\"slider_theme_2017_text_overlay\" width=\"976\" height=\"244\" srcset=\"https:\/\/www.2em.ch\/blog\/wp-content\/uploads\/2017\/07\/slider_theme_2017_text_overlay-300x75.jpg 300w, https:\/\/www.2em.ch\/blog\/wp-content\/uploads\/2017\/07\/slider_theme_2017_text_overlay-768x192.jpg 768w, https:\/\/www.2em.ch\/blog\/wp-content\/uploads\/2017\/07\/slider_theme_2017_text_overlay-1024x256.jpg 1024w, https:\/\/www.2em.ch\/blog\/wp-content\/uploads\/2017\/07\/slider_theme_2017_text_overlay.jpg 1200w\" sizes=\"(max-width: 976px) 100vw, 976px\" \/><\/p>\n<p>Depuis 2002, la semaine de la Mobilit\u00e9 europ\u00e9enne pr\u00e9sente des solutions aux probl\u00e8mes de mobilit\u00e9 et de transports urbains, et \u0153uvre pour am\u00e9liorer la sant\u00e9 publique et la qualit\u00e9 de vie des citadins. Chaque \u00e9dition se concentre sur un th\u00e8me pr\u00e9cis en relation avec la mobilit\u00e9 durable, pour lequel les autorit\u00e9s locales organisent des activit\u00e9s. En 2017, le th\u00e8me principal de la manifestation sera \u201cLe partage vous emm\u00e8ne plus loin\u201d. Cette philosophie parfaitement inscrite dans l\u2019ADN de 2EM, c\u2019est tout naturellement que nous participons \u00e0 cet \u00e9v\u00e9nement cette ann\u00e9e.<\/p>\n<p><!--more--><\/p>\n<h5><b><i>O\u00f9, quand et comment est-ce que \u00e7a ce se passe?<\/i><\/b><\/h5>\n<p>Le <b>canton de Vaud<\/b> a d\u00e9cid\u00e9 de participer \u00e0 la semaine de la mobilit\u00e9 qui se tiendra <b>du 16 au 22 septembre 2017<\/b> et nous y pr\u00e9sentons nos services aux int\u00e9ress\u00e9s. Les propositions d\u2019activit\u00e9s sont r\u00e9pertori\u00e9es sur le <a href=\"http:\/\/www.vd.ch\/themes\/mobilite\/mobilites-durables\/semaine-de-la-mobilite\/espace-reserve-aux-communes\/propositions-dactivites\/\">site du canton<\/a> dans la partie d\u00e9di\u00e9e \u00e0 la semaine de la mobilit\u00e9.<\/p>\n<p>C\u2019est ensuite aux communes de prendre contact avec les diff\u00e9rents acteurs pour pr\u00e9senter leurs activit\u00e9s sous diverses formes \u00e0 leurs concitoyens. Cela peut se d\u00e9rouler au travers de documentation, d\u2019interventions publiques ou de stands d\u2019information. Apprenez-en plus sur la <a href=\"http:\/\/www.vd.ch\/fileadmin\/user_upload\/themes\/mobilite\/mobilite_durable\/Semaine_mobilit%C3%A9_2017\/Fiches_actions\/15_Voiture_partag%C3%A9e_2017.pdf\">fiche de description de 2EM<\/a>.<\/p>\n<h5><b><i>Pourquoi votre commune doit-elle parler de 2EM?<\/i><\/b><\/h5>\n<p>C\u2019est bien simple, avec l\u2019augmentation du nombre de v\u00e9hicules sur notre territoire limit\u00e9 et la congestion routi\u00e8re y r\u00e9sultant, 2EM propose une solution intelligente pour contrer ce probl\u00e8me. Ainsi, cette solution encourage les personnes \u00e0 poss\u00e9der et utiliser un v\u00e9hicule seulement en cas de r\u00e9el besoin. L\u2019autopartage permet aussi de r\u00e9duire les d\u00e9penses et minimiser son empreinte \u00e9cologique. De plus, cela permet de rencontrer de nouvelles personnes au travers des locations!<\/p>\n<p>Par ailleurs, si vos voisins entendent parler de ce syst\u00e8me communautaire, il y aura plus de v\u00e9hicules \u00e0 disposition pr\u00e8s de chez vous, ainsi que plus de demandes de location pour les propri\u00e9taires. Si vous voulez faire \u00e9voluer ce cercle vertueux, commencez par en parler \u00e0 votre commune !<\/p>\n","protected":false},"excerpt":{"rendered":"<p>Depuis 2002, la semaine de la Mobilit\u00e9 europ\u00e9enne pr\u00e9sente des solutions aux probl\u00e8mes de mobilit\u00e9 et de transports urbains, et \u0153uvre pour am\u00e9liorer la sant\u00e9 publique et la qualit\u00e9 de&#8230;<\/p>\n","protected":false},"author":8,"featured_media":263,"comment_status":"open","ping_status":"open","sticky":false,"template":"","format":"gallery","meta":[],"categories":[2,3],"tags":[23,11,25,50],"yoast_head":"<!-- This site is optimized with the Yoast SEO plugin v19.9 - https:\/\/yoast.com\/wordpress\/plugins\/seo\/ -->\n<title>2EM participe \u00e0 la semaine de la mobilit\u00e9 2017 ! - Blog<\/title>\n<meta name=\"robots\" content=\"index, follow, max-snippet:-1, max-image-preview:large, max-video-preview:-1\" \/>\n<link rel=\"canonical\" href=\"https:\/\/www.2em.ch\/blog\/semaine-de-la-mobilite-2017\/\" \/>\n<meta property=\"og:locale\" content=\"fr_FR\" \/>\n<meta property=\"og:type\" content=\"article\" \/>\n<meta property=\"og:title\" content=\"2EM participe \u00e0 la semaine de la mobilit\u00e9 2017 ! - Blog\" \/>\n<meta property=\"og:description\" content=\"Depuis 2002, la semaine de la Mobilit\u00e9 europ\u00e9enne pr\u00e9sente des solutions aux probl\u00e8mes de mobilit\u00e9 et de transports urbains, et \u0153uvre pour am\u00e9liorer la sant\u00e9 publique et la qualit\u00e9 de...\" \/>\n<meta property=\"og:url\" content=\"https:\/\/www.2em.ch\/blog\/semaine-de-la-mobilite-2017\/\" \/>\n<meta property=\"og:site_name\" content=\"Blog\" \/>\n<meta property=\"article:published_time\" content=\"2017-07-12T12:11:19+00:00\" \/>\n<meta property=\"article:modified_time\" content=\"2020-09-07T09:42:07+00:00\" \/>\n<meta property=\"og:image\" content=\"https:\/\/www.2em.ch\/blog\/wp-content\/uploads\/2017\/07\/slider_theme_2017_text_overlay-1.jpg\" \/>\n\t<meta property=\"og:image:width\" content=\"1200\" \/>\n\t<meta property=\"og:image:height\" content=\"300\" \/>\n\t<meta property=\"og:image:type\" content=\"image\/jpeg\" \/>\n<meta name=\"author\" content=\"oussama\" \/>\n<meta name=\"twitter:card\" content=\"summary_large_image\" \/>\n<meta name=\"twitter:label1\" content=\"\u00c9crit par\" \/>\n\t<meta name=\"twitter:data1\" content=\"oussama\" \/>\n\t<meta name=\"twitter:label2\" content=\"Dur\u00e9e de lecture estim\u00e9e\" \/>\n\t<meta name=\"twitter:data2\" content=\"2 minutes\" \/>\n<script type=\"application\/ld+json\" class=\"yoast-schema-graph\">{\"@context\":\"https:\/\/schema.org\",\"@graph\":[{\"@type\":\"Article\",\"@id\":\"https:\/\/www.2em.ch\/blog\/semaine-de-la-mobilite-2017\/#article\",\"isPartOf\":{\"@id\":\"https:\/\/www.2em.ch\/blog\/semaine-de-la-mobilite-2017\/\"},\"author\":{\"name\":\"oussama\",\"@id\":\"https:\/\/www.2em.ch\/blog\/#\/schema\/person\/56b6776142de1f8df1e212fdd370511a\"},\"headline\":\"2EM participe \u00e0 la semaine de la mobilit\u00e9 2017 !\",\"datePublished\":\"2017-07-12T12:11:19+00:00\",\"dateModified\":\"2020-09-07T09:42:07+00:00\",\"mainEntityOfPage\":{\"@id\":\"https:\/\/www.2em.ch\/blog\/semaine-de-la-mobilite-2017\/\"},\"wordCount\":362,\"commentCount\":0,\"publisher\":{\"@id\":\"https:\/\/www.2em.ch\/blog\/#organization\"},\"keywords\":[\"2EM\",\"location pas cher\",\"Location voiture\",\"semaine de la mobilit\u00e9\"],\"articleSection\":[\"Actualit\u00e9s 2em\",\"Mobilit\u00e9\"],\"inLanguage\":\"fr-FR\",\"potentialAction\":[{\"@type\":\"CommentAction\",\"name\":\"Comment\",\"target\":[\"https:\/\/www.2em.ch\/blog\/semaine-de-la-mobilite-2017\/#respond\"]}]},{\"@type\":\"WebPage\",\"@id\":\"https:\/\/www.2em.ch\/blog\/semaine-de-la-mobilite-2017\/\",\"url\":\"https:\/\/www.2em.ch\/blog\/semaine-de-la-mobilite-2017\/\",\"name\":\"2EM participe \u00e0 la semaine de la mobilit\u00e9 2017 ! - Blog\",\"isPartOf\":{\"@id\":\"https:\/\/www.2em.ch\/blog\/#website\"},\"datePublished\":\"2017-07-12T12:11:19+00:00\",\"dateModified\":\"2020-09-07T09:42:07+00:00\",\"breadcrumb\":{\"@id\":\"https:\/\/www.2em.ch\/blog\/semaine-de-la-mobilite-2017\/#breadcrumb\"},\"inLanguage\":\"fr-FR\",\"potentialAction\":[{\"@type\":\"ReadAction\",\"target\":[\"https:\/\/www.2em.ch\/blog\/semaine-de-la-mobilite-2017\/\"]}]},{\"@type\":\"BreadcrumbList\",\"@id\":\"https:\/\/www.2em.ch\/blog\/semaine-de-la-mobilite-2017\/#breadcrumb\",\"itemListElement\":[{\"@type\":\"ListItem\",\"position\":1,\"name\":\"Blog carsharing\",\"item\":\"https:\/\/www.2em.ch\/blog\/\"},{\"@type\":\"ListItem\",\"position\":2,\"name\":\"2EM participe \u00e0 la semaine de la mobilit\u00e9 2017 !\"}]},{\"@type\":\"WebSite\",\"@id\":\"https:\/\/www.2em.ch\/blog\/#website\",\"url\":\"https:\/\/www.2em.ch\/blog\/\",\"name\":\"Blog\",\"description\":\"Plateforme Suisse d&#039;autopartage\",\"publisher\":{\"@id\":\"https:\/\/www.2em.ch\/blog\/#organization\"},\"potentialAction\":[{\"@type\":\"SearchAction\",\"target\":{\"@type\":\"EntryPoint\",\"urlTemplate\":\"https:\/\/www.2em.ch\/blog\/?s={search_term_string}\"},\"query-input\":\"required name=search_term_string\"}],\"inLanguage\":\"fr-FR\"},{\"@type\":\"Organization\",\"@id\":\"https:\/\/www.2em.ch\/blog\/#organization\",\"name\":\"Blog\",\"url\":\"https:\/\/www.2em.ch\/blog\/\",\"logo\":{\"@type\":\"ImageObject\",\"inLanguage\":\"fr-FR\",\"@id\":\"https:\/\/www.2em.ch\/blog\/#\/schema\/logo\/image\/\",\"url\":\"https:\/\/www.2em.ch\/blog\/wp-content\/uploads\/2020\/04\/cropped-logo-e1570472900624.jpg\",\"contentUrl\":\"https:\/\/www.2em.ch\/blog\/wp-content\/uploads\/2020\/04\/cropped-logo-e1570472900624.jpg\",\"width\":240,\"height\":64,\"caption\":\"Blog\"},\"image\":{\"@id\":\"https:\/\/www.2em.ch\/blog\/#\/schema\/logo\/image\/\"}},{\"@type\":\"Person\",\"@id\":\"https:\/\/www.2em.ch\/blog\/#\/schema\/person\/56b6776142de1f8df1e212fdd370511a\",\"name\":\"oussama\",\"image\":{\"@type\":\"ImageObject\",\"inLanguage\":\"fr-FR\",\"@id\":\"https:\/\/www.2em.ch\/blog\/#\/schema\/person\/image\/\",\"url\":\"https:\/\/secure.gravatar.com\/avatar\/170dcd2074ef3cb4faa30d74940cb200?s=96&d=blank&r=g\",\"contentUrl\":\"https:\/\/secure.gravatar.com\/avatar\/170dcd2074ef3cb4faa30d74940cb200?s=96&d=blank&r=g\",\"caption\":\"oussama\"}}]}<\/script>\n<!-- \/ Yoast SEO plugin. -->","yoast_head_json":{"title":"2EM participe \u00e0 la semaine de la mobilit\u00e9 2017 ! - Blog","robots":{"index":"index","follow":"follow","max-snippet":"max-snippet:-1","max-image-preview":"max-image-preview:large","max-video-preview":"max-video-preview:-1"},"canonical":"https:\/\/www.2em.ch\/blog\/semaine-de-la-mobilite-2017\/","og_locale":"fr_FR","og_type":"article","og_title":"2EM participe \u00e0 la semaine de la mobilit\u00e9 2017 ! - Blog","og_description":"Depuis 2002, la semaine de la Mobilit\u00e9 europ\u00e9enne pr\u00e9sente des solutions aux probl\u00e8mes de mobilit\u00e9 et de transports urbains, et \u0153uvre pour am\u00e9liorer la sant\u00e9 publique et la qualit\u00e9 de...","og_url":"https:\/\/www.2em.ch\/blog\/semaine-de-la-mobilite-2017\/","og_site_name":"Blog","article_published_time":"2017-07-12T12:11:19+00:00","article_modified_time":"2020-09-07T09:42:07+00:00","og_image":[{"width":1200,"height":300,"url":"https:\/\/www.2em.ch\/blog\/wp-content\/uploads\/2017\/07\/slider_theme_2017_text_overlay-1.jpg","type":"image\/jpeg"}],"author":"oussama","twitter_card":"summary_large_image","twitter_misc":{"\u00c9crit par":"oussama","Dur\u00e9e de lecture estim\u00e9e":"2 minutes"},"schema":{"@context":"https:\/\/schema.org","@graph":[{"@type":"Article","@id":"https:\/\/www.2em.ch\/blog\/semaine-de-la-mobilite-2017\/#article","isPartOf":{"@id":"https:\/\/www.2em.ch\/blog\/semaine-de-la-mobilite-2017\/"},"author":{"name":"oussama","@id":"https:\/\/www.2em.ch\/blog\/#\/schema\/person\/56b6776142de1f8df1e212fdd370511a"},"headline":"2EM participe \u00e0 la semaine de la mobilit\u00e9 2017 !","datePublished":"2017-07-12T12:11:19+00:00","dateModified":"2020-09-07T09:42:07+00:00","mainEntityOfPage":{"@id":"https:\/\/www.2em.ch\/blog\/semaine-de-la-mobilite-2017\/"},"wordCount":362,"commentCount":0,"publisher":{"@id":"https:\/\/www.2em.ch\/blog\/#organization"},"keywords":["2EM","location pas cher","Location voiture","semaine de la mobilit\u00e9"],"articleSection":["Actualit\u00e9s 2em","Mobilit\u00e9"],"inLanguage":"fr-FR","potentialAction":[{"@type":"CommentAction","name":"Comment","target":["https:\/\/www.2em.ch\/blog\/semaine-de-la-mobilite-2017\/#respond"]}]},{"@type":"WebPage","@id":"https:\/\/www.2em.ch\/blog\/semaine-de-la-mobilite-2017\/","url":"https:\/\/www.2em.ch\/blog\/semaine-de-la-mobilite-2017\/","name":"2EM participe \u00e0 la semaine de la mobilit\u00e9 2017 ! - Blog","isPartOf":{"@id":"https:\/\/www.2em.ch\/blog\/#website"},"datePublished":"2017-07-12T12:11:19+00:00","dateModified":"2020-09-07T09:42:07+00:00","breadcrumb":{"@id":"https:\/\/www.2em.ch\/blog\/semaine-de-la-mobilite-2017\/#breadcrumb"},"inLanguage":"fr-FR","potentialAction":[{"@type":"ReadAction","target":["https:\/\/www.2em.ch\/blog\/semaine-de-la-mobilite-2017\/"]}]},{"@type":"BreadcrumbList","@id":"https:\/\/www.2em.ch\/blog\/semaine-de-la-mobilite-2017\/#breadcrumb","itemListElement":[{"@type":"ListItem","position":1,"name":"Blog carsharing","item":"https:\/\/www.2em.ch\/blog\/"},{"@type":"ListItem","position":2,"name":"2EM participe \u00e0 la semaine de la mobilit\u00e9 2017 !"}]},{"@type":"WebSite","@id":"https:\/\/www.2em.ch\/blog\/#website","url":"https:\/\/www.2em.ch\/blog\/","name":"Blog","description":"Plateforme Suisse d&#039;autopartage","publisher":{"@id":"https:\/\/www.2em.ch\/blog\/#organization"},"potentialAction":[{"@type":"SearchAction","target":{"@type":"EntryPoint","urlTemplate":"https:\/\/www.2em.ch\/blog\/?s={search_term_string}"},"query-input":"required name=search_term_string"}],"inLanguage":"fr-FR"},{"@type":"Organization","@id":"https:\/\/www.2em.ch\/blog\/#organization","name":"Blog","url":"https:\/\/www.2em.ch\/blog\/","logo":{"@type":"ImageObject","inLanguage":"fr-FR","@id":"https:\/\/www.2em.ch\/blog\/#\/schema\/logo\/image\/","url":"https:\/\/www.2em.ch\/blog\/wp-content\/uploads\/2020\/04\/cropped-logo-e1570472900624.jpg","contentUrl":"https:\/\/www.2em.ch\/blog\/wp-content\/uploads\/2020\/04\/cropped-logo-e1570472900624.jpg","width":240,"height":64,"caption":"Blog"},"image":{"@id":"https:\/\/www.2em.ch\/blog\/#\/schema\/logo\/image\/"}},{"@type":"Person","@id":"https:\/\/www.2em.ch\/blog\/#\/schema\/person\/56b6776142de1f8df1e212fdd370511a","name":"oussama","image":{"@type":"ImageObject","inLanguage":"fr-FR","@id":"https:\/\/www.2em.ch\/blog\/#\/schema\/person\/image\/","url":"https:\/\/secure.gravatar.com\/avatar\/170dcd2074ef3cb4faa30d74940cb200?s=96&d=blank&r=g","contentUrl":"https:\/\/secure.gravatar.com\/avatar\/170dcd2074ef3cb4faa30d74940cb200?s=96&d=blank&r=g","caption":"oussama"}}]}},"_links":{"self":[{"href":"https:\/\/www.2em.ch\/blog\/wp-json\/wp\/v2\/posts\/261"}],"collection":[{"href":"https:\/\/www.2em.ch\/blog\/wp-json\/wp\/v2\/posts"}],"about":[{"href":"https:\/\/www.2em.ch\/blog\/wp-json\/wp\/v2\/types\/post"}],"author":[{"embeddable":true,"href":"https:\/\/www.2em.ch\/blog\/wp-json\/wp\/v2\/users\/8"}],"replies":[{"embeddable":true,"href":"https:\/\/www.2em.ch\/blog\/wp-json\/wp\/v2\/comments?post=261"}],"version-history":[{"count":3,"href":"https:\/\/www.2em.ch\/blog\/wp-json\/wp\/v2\/posts\/261\/revisions"}],"predecessor-version":[{"id":665,"href":"https:\/\/www.2em.ch\/blog\/wp-json\/wp\/v2\/posts\/261\/revisions\/665"}],"wp:featuredmedia":[{"embeddable":true,"href":"https:\/\/www.2em.ch\/blog\/wp-json\/wp\/v2\/media\/263"}],"wp:attachment":[{"href":"https:\/\/www.2em.ch\/blog\/wp-json\/wp\/v2\/media?parent=261"}],"wp:term":[{"taxonomy":"category","embeddable":true,"href":"https:\/\/www.2em.ch\/blog\/wp-json\/wp\/v2\/categories?post=261"},{"taxonomy":"post_tag","embeddable":true,"href":"https:\/\/www.2em.ch\/blog\/wp-json\/wp\/v2\/tags?post=261"}],"curies":[{"name":"wp","href":"https:\/\/api.w.org\/{rel}","templated":true}]}}