{"id":149,"date":"2016-08-19T14:01:47","date_gmt":"2016-08-19T13:01:47","guid":{"rendered":"https:\/\/www.2em.ch\/blog\/?p=149"},"modified":"2020-09-15T12:08:46","modified_gmt":"2020-09-15T10:08:46","slug":"hommage-a-la-fiat-500-rassemblement","status":"publish","type":"post","link":"https:\/\/www.2em.ch\/blog\/hommage-a-la-fiat-500-rassemblement\/","title":{"rendered":"Hommage \u00e0 la Fiat 500 &amp; Rassemblement"},"content":{"rendered":"<p style=\"text-align: justify;\"><img loading=\"lazy\" class=\"alignnone size-full wp-image-160\" src=\"https:\/\/www.2em.ch\/blog\/wp-content\/uploads\/2016\/08\/Dual500.jpg\" alt=\"Dual500\" width=\"640\" height=\"280\" srcset=\"https:\/\/www.2em.ch\/blog\/wp-content\/uploads\/2016\/08\/Dual500.jpg 640w, https:\/\/www.2em.ch\/blog\/wp-content\/uploads\/2016\/08\/Dual500-300x131.jpg 300w\" sizes=\"(max-width: 640px) 100vw, 640px\" \/>A l\u2019occasion du meeting\u00a0international des Fiat 500 le weekend du 26 \u00e0 Crans-Montana, 2EM vous propose un article afin de vous rem\u00e9morer les raisons qui ont fait de cette\u00a0voiture\u00a0une\u00a0l\u00e9gende.<\/p>\n<p style=\"text-align: justify;\"><span style=\"font-weight: 400;\"><a href=\"https:\/\/www.2em.ch\/location-voiture\/Gen%C3%A8ve\/marque\/Fiat\/modele\/500\">La Fiat 500<\/a> qu\u2019on conna\u00eet tous\u00a0est apparue en 1957. Elle \u00e9tait voulue comme une voiture compacte, peu ch\u00e8re et capable de transporter une\u00a0famille au complet.<!--more--> C&rsquo;\u00e9tait un v\u00e9ritable d\u00e9fi pour les designers qui devaient minimiser les complications et plaire \u00e0 tous.\u00a0<\/span><span style=\"font-weight: 400;\">Le r\u00e9sultat fut une voiture de moins de <\/span>3 m\u00e8tres<span style=\"font-weight: 400;\">, capable se faufiler facilement dans les ruelles \u00e9troites des villes italiennes ainsi que de s\u2019y parquer. C\u2019\u00e9tait v\u00e9ritablement la premi\u00e8re micro-citadine puisque sa concurrente &#8211; la Mini Cooper &#8211; ne sortira que 3 ans plus tard.<\/span><\/p>\n<h3 style=\"text-align: justify;\"><span style=\"font-weight: 400;\">La deuxi\u00e8me de son nom<\/span><\/h3>\n<p style=\"text-align: justify;\"><span style=\"font-weight: 400;\">Avant d\u2019appara\u00eetre sous la forme que nous connaissons tous, la Fiat 500 existait sous la forme de la Topolino. Produite sous l\u2019impulsion de Benito Mussolini qui voulait motoriser les <\/span>Italiens<span style=\"font-weight: 400;\">, elle devait co\u00fbter le prix d\u2019un salaire ouvrier annuel.\u00a0<\/span><span style=\"font-weight: 400;\">La Fiat 500 A sort en 1936. Elle re\u00e7oit\u00a0son nom \u00e0 cause de son\u00a0moteur de 500 centim\u00e8tres cube d\u00e9veloppant 13 chevaux. Le succ\u00e8s fut bon, mais Fiat retiendra surtout le concept du v\u00e9hicule polyvalent et peu cher\u00a0<\/span><span style=\"font-weight: 400;\">qui lui vaudra un succ\u00e8s mondial 21 ans plus tard.<br \/>\n<\/span><\/p>\n<figure id=\"attachment_152\" aria-describedby=\"caption-attachment-152\" style=\"width: 640px\" class=\"wp-caption alignnone\"><img loading=\"lazy\" class=\"wp-image-152 size-full\" src=\"https:\/\/www.2em.ch\/blog\/wp-content\/uploads\/2016\/08\/topolinoS.jpg\" alt=\"topolinoS\" width=\"640\" height=\"345\" srcset=\"https:\/\/www.2em.ch\/blog\/wp-content\/uploads\/2016\/08\/topolinoS.jpg 640w, https:\/\/www.2em.ch\/blog\/wp-content\/uploads\/2016\/08\/topolinoS-300x162.jpg 300w\" sizes=\"(max-width: 640px) 100vw, 640px\" \/><figcaption id=\"caption-attachment-152\" class=\"wp-caption-text\">Fiat 500B, Topolino, mod\u00e8le de 1948 \u00a0&#8211; \u00a0Photo par Arend, Flickr<\/figcaption><\/figure>\n<h3 style=\"text-align: justify;\">\u00a0<span style=\"font-weight: 400;\">La l\u00e9gende\u00a0<\/span><\/h3>\n<p style=\"text-align: justify;\"><span style=\"font-weight: 400;\">La premi\u00e8re Fiat 500 de 1957 se voulait concurrente des Vespas. Elle avait d\u00e9j\u00e0 le design que nous connaissons tous, mais c\u2019\u00e9tait une voiture d\u00e9pouill\u00e9e d\u2019options. Elle n\u2019offrait que deux si\u00e8ges, un moteur et un grand coffre. Les \u00e9conomies se sentaient partout puisque le toit \u00e9tait en tissu\u00a0et les vitres ne pouvaient pas \u00eatre descendues. Le succ\u00e8s faible obligea Fiat d\u2019ajuster le tir trois mois plus tard en sortant la 500 Normale, version que nous connaissons tous. Elle comportait d\u00e9sormais quatre si\u00e8ges, un toit ouvrant\u00a0et\u00a0des portes suicide<\/span><span style=\"font-weight: 400;\">, \u00e0 la mani\u00e8re d\u2019une Rolls Royce. Cette version d\u00e9veloppait 13 chevaux et atteignait les 85 Km\/h. \u00a0Elle re\u00e7ut son nom d\u2019une part puisqu\u2019elle rempla\u00e7ait la Topolino, mais \u00e9galement \u00e0 cause de son moteur 500 centim\u00e8tres cube et son poids de 500 kg. La voiture plaisait enfin \u00e0 tous, pr\u00e8s de 4 millions de 500 furent construites entre 57 et 75.<\/span><\/p>\n<figure id=\"attachment_155\" aria-describedby=\"caption-attachment-155\" style=\"width: 640px\" class=\"wp-caption alignnone\"><img loading=\"lazy\" class=\"wp-image-155 size-full\" src=\"https:\/\/www.2em.ch\/blog\/wp-content\/uploads\/2016\/08\/f500.jpg\" alt=\"Une publicit\u00e9 d'\u00e9poque, Fiat 500 N, 1957\" width=\"640\" height=\"345\" srcset=\"https:\/\/www.2em.ch\/blog\/wp-content\/uploads\/2016\/08\/f500.jpg 640w, https:\/\/www.2em.ch\/blog\/wp-content\/uploads\/2016\/08\/f500-300x162.jpg 300w\" sizes=\"(max-width: 640px) 100vw, 640px\" \/><figcaption id=\"caption-attachment-155\" class=\"wp-caption-text\">Une publicit\u00e9 d&rsquo;\u00e9poque, Fiat 500 Normale, mod\u00e8le final\u00a0de 1957<\/figcaption><\/figure>\n<h3 style=\"text-align: justify;\"><span style=\"font-weight: 400;\">Les d\u00e9clinaisons <\/span><\/h3>\n<p style=\"text-align: justify;\"><span style=\"font-weight: 400;\">Au fil des ann\u00e9es et du succ\u00e8s, son design ne changera\u00a0que pour se conformer aux nouvelles normes routi\u00e8res. En revanche, Fiat d\u00e9clinera\u00a0son mod\u00e8le de nombreuses fois afin de profiter de l\u2019engouement. Versions sport, rallong\u00e9es, luxe, cabriolets et m\u00eame safari sont en production. Le moteur sera \u00e9galement adapt\u00e9 avec des versions plus puissantes jusqu\u2019\u00e0 l&rsquo;arr\u00eat de la production en 1975.<br \/>\nLes mod\u00e8les les plus originaux ne venaient pas forc\u00e9ment de Fiat.\u00a0<\/span><span style=\"font-weight: 400;\">La voiture \u00e9tant peu ch\u00e8re de base, de nombreux carrossiers l\u2019utilis\u00e8rent comme base pour des projets personnels. Abarth est sans doute le plus connu, mais on trouve par exemple des Fiat\u00a0500 utilitaires, sous forme pick-up, construits par Ghia.<\/span><\/p>\n<figure id=\"attachment_151\" aria-describedby=\"caption-attachment-151\" style=\"width: 640px\" class=\"wp-caption alignleft\"><img loading=\"lazy\" class=\"wp-image-151 size-full\" src=\"https:\/\/www.2em.ch\/blog\/wp-content\/uploads\/2016\/08\/ziba.jpg\" alt=\"ziba\" width=\"640\" height=\"345\" srcset=\"https:\/\/www.2em.ch\/blog\/wp-content\/uploads\/2016\/08\/ziba.jpg 640w, https:\/\/www.2em.ch\/blog\/wp-content\/uploads\/2016\/08\/ziba-300x162.jpg 300w\" sizes=\"(max-width: 640px) 100vw, 640px\" \/><figcaption id=\"caption-attachment-151\" class=\"wp-caption-text\">Ziba 500, par Ghia, Mod\u00e8le de 1962<\/figcaption><\/figure>\n<h3 style=\"text-align: justify;\">\u00a0<span style=\"font-weight: 400;\">La Fiat\u00a0internationale<\/span><\/h3>\n<p style=\"text-align: justify;\"><span style=\"font-weight: 400;\">Le succ\u00e8s de la voiture se fit rapidement conna\u00eetre \u00e0 travers l&rsquo;Europe. Le concept d\u2019une petite voiture peu ch\u00e8re s\u00e9duisait partout. Fiat cr\u00e9a de nombreuses franchises\u00a0dont l\u2019Autriche avec Steyr-Puch, l\u2019Allemagne avec la Neckar et l\u2019Espagne avec Seat. M\u00eame l\u2019Union Sovi\u00e9tique avait sa\u00a0version avec la\u00a0Zaz-965, une version sans licence de la 500. \u00a0<\/span><span style=\"font-weight: 400;\">La Yugoslavie fut un cas \u00e0 part. La compagnie automobile du pays, Zastava, produira dix ann\u00e9es de plus que Fiat totalisant pr\u00e8s d\u2019un million d\u2019exemplaires sur 11 mod\u00e8les. La version du pays recevra m\u00eame un surnom affectif d\u00e9riv\u00e9 de l\u2019Italien. Fiat Cinquecento deviendra\u00a0Fi\u010do (\u00e0 prononcer Fitcho).<\/span><\/p>\n<figure id=\"attachment_153\" aria-describedby=\"caption-attachment-153\" style=\"width: 640px\" class=\"wp-caption alignnone\"><img loading=\"lazy\" class=\"wp-image-153 size-full\" src=\"https:\/\/www.2em.ch\/blog\/wp-content\/uploads\/2016\/08\/zaz.jpg\" alt=\"zaz\" width=\"640\" height=\"345\" srcset=\"https:\/\/www.2em.ch\/blog\/wp-content\/uploads\/2016\/08\/zaz.jpg 640w, https:\/\/www.2em.ch\/blog\/wp-content\/uploads\/2016\/08\/zaz-300x162.jpg 300w\" sizes=\"(max-width: 640px) 100vw, 640px\" \/><figcaption id=\"caption-attachment-153\" class=\"wp-caption-text\">Zaz 965, La 500 sovi\u00e9tique, Mod\u00e8le de 1960 \u00a0 &#8211; \u00a0 \u00a0Photo par Artem Svetlov, Flickr<\/figcaption><\/figure>\n<h3><strong>L\u2019h\u00e9ritage<\/strong><\/h3>\n<p style=\"text-align: justify;\">Les ann\u00e9es 90 virent l&rsquo;apparition d&rsquo;une nouvelle Fiat Cinquecento. Toutefois, le succ\u00e8s ne fut pas celui escompt\u00e9. Un million d&rsquo;exemplaires seulement furent vendus sur pr\u00e8s de 10 ans de production.<br \/>\nDe nos jours, nous avons plus souvent l&rsquo;opportunit\u00e9 d&rsquo;apercevoir la\u00a0version\u00a0de\u00a02007. Le nouveau design reprend fortement les lignes du mod\u00e8le de 57 tout en les mettant au go\u00fbt du jour. Dans sa forme basique, le nouveau mod\u00e8le est presque deux fois plus lourd que le celui de 57 mais d\u00e9veloppe cinq fois plus de puissance. Le pari est r\u00e9ussi pour Fiat puisque l&rsquo;engouement est \u00e9norme. A nouveau, nos rues s\u2019emplissent de Fiat 500.<\/p>\n<figure id=\"attachment_162\" aria-describedby=\"caption-attachment-162\" style=\"width: 640px\" class=\"wp-caption alignnone\"><img loading=\"lazy\" class=\"wp-image-162 size-full\" src=\"https:\/\/www.2em.ch\/blog\/wp-content\/uploads\/2016\/08\/Nuova.jpg\" alt=\"Nuova\" width=\"640\" height=\"186\" srcset=\"https:\/\/www.2em.ch\/blog\/wp-content\/uploads\/2016\/08\/Nuova.jpg 640w, https:\/\/www.2em.ch\/blog\/wp-content\/uploads\/2016\/08\/Nuova-300x87.jpg 300w\" sizes=\"(max-width: 640px) 100vw, 640px\" \/><figcaption id=\"caption-attachment-162\" class=\"wp-caption-text\"><strong>Fiat 500, Mod\u00e8le 2007 \u00a0 &#8211; \u00a0Photo par brownpau, Flickr<\/strong><\/figcaption><\/figure>\n<h3 style=\"text-align: justify;\"><span style=\"font-weight: 400;\">500 des alpes<\/span><\/h3>\n<p style=\"text-align: justify;\"><span style=\"font-weight: 400;\">Le weekend du 26 au 28 ao\u00fbt, <a href=\"http:\/\/www.crans-montana.ch\/\">Crans-Montana<\/a> accueille l\u2019Internationale 500 pour la douzi\u00e8me fois. Ce meeting sur trois jours est organis\u00e9 par l\u2019amicale Valaisanne de la 500. Le\u00a0but est de rassembler les amateurs de tous pays dans un weekend nostalgie. Au programme balades, d\u00e9fil\u00e9s et auto-cross. Lorsqu&rsquo;on ne roule pas, ce sont des expositions, concours, concerts et ap\u00e9ritifs qui sont offerts au public. Bonne humeur et histoire\u00a0sont au rendez-vous. \u00a0Le <a href=\"http:\/\/www.crans-montana.ch\/img_up\/DOC\/cde75d26de0092562fd3df93aadb00f8.Programme16_sunshine.jpg\">programme <\/a>exact ainsi que les contacts peuvent \u00eatre trouv\u00e9s en cliquant sur les hyperliens au-dessus.<\/span><span style=\"font-weight: 400;\"><br \/>\n<\/span><span style=\"font-weight: 400;\"><br \/>\n<\/span><span style=\"font-weight: 400;\"><br \/>\n<\/span><span style=\"font-weight: 400;\">Ne ratez pas ce weekend exceptionnel pour tout amateur de voitures. Sur 2EM.ch, vous trouverez peut-\u00eatre une voiture afin de vous joindre au cort\u00e8ge. Si vous vous y rendez, n\u2019h\u00e9sitez pas \u00e0 nous raconter l\u2019\u00e9v\u00e8nement via Facebook ou par mail !<\/span><\/p>\n","protected":false},"excerpt":{"rendered":"<p>A l\u2019occasion du meeting\u00a0international des Fiat 500 le weekend du 26 \u00e0 Crans-Montana, 2EM vous propose un article afin de vous rem\u00e9morer les raisons qui ont fait de cette\u00a0voiture\u00a0une\u00a0l\u00e9gende. La&#8230;<\/p>\n","protected":false},"author":1,"featured_media":160,"comment_status":"open","ping_status":"open","sticky":false,"template":"","format":"gallery","meta":[],"categories":[1],"tags":[38,36,34,32,33,35,31,37],"yoast_head":"<!-- This site is optimized with the Yoast SEO plugin v19.9 - https:\/\/yoast.com\/wordpress\/plugins\/seo\/ -->\n<title>Hommage \u00e0 la Fiat 500 &amp; Rassemblement - Blog<\/title>\n<meta name=\"robots\" content=\"index, follow, max-snippet:-1, max-image-preview:large, max-video-preview:-1\" \/>\n<link rel=\"canonical\" href=\"https:\/\/www.2em.ch\/blog\/hommage-a-la-fiat-500-rassemblement\/\" \/>\n<meta property=\"og:locale\" content=\"fr_FR\" \/>\n<meta property=\"og:type\" content=\"article\" \/>\n<meta property=\"og:title\" content=\"Hommage \u00e0 la Fiat 500 &amp; Rassemblement - Blog\" \/>\n<meta property=\"og:description\" content=\"A l\u2019occasion du meeting\u00a0international des Fiat 500 le weekend du 26 \u00e0 Crans-Montana, 2EM vous propose un article afin de vous rem\u00e9morer les raisons qui ont fait de cette\u00a0voiture\u00a0une\u00a0l\u00e9gende. La...\" \/>\n<meta property=\"og:url\" content=\"https:\/\/www.2em.ch\/blog\/hommage-a-la-fiat-500-rassemblement\/\" \/>\n<meta property=\"og:site_name\" content=\"Blog\" \/>\n<meta property=\"article:published_time\" content=\"2016-08-19T13:01:47+00:00\" \/>\n<meta property=\"article:modified_time\" content=\"2020-09-15T10:08:46+00:00\" \/>\n<meta property=\"og:image\" content=\"https:\/\/www.2em.ch\/blog\/wp-content\/uploads\/2016\/08\/Dual500.jpg\" \/>\n\t<meta property=\"og:image:width\" content=\"640\" \/>\n\t<meta property=\"og:image:height\" content=\"280\" \/>\n\t<meta property=\"og:image:type\" content=\"image\/jpeg\" \/>\n<meta name=\"author\" content=\"Youness\" \/>\n<meta name=\"twitter:card\" content=\"summary_large_image\" \/>\n<meta name=\"twitter:label1\" content=\"\u00c9crit par\" \/>\n\t<meta name=\"twitter:data1\" content=\"Youness\" \/>\n\t<meta name=\"twitter:label2\" content=\"Dur\u00e9e de lecture estim\u00e9e\" \/>\n\t<meta name=\"twitter:data2\" content=\"5 minutes\" \/>\n<script type=\"application\/ld+json\" class=\"yoast-schema-graph\">{\"@context\":\"https:\/\/schema.org\",\"@graph\":[{\"@type\":\"Article\",\"@id\":\"https:\/\/www.2em.ch\/blog\/hommage-a-la-fiat-500-rassemblement\/#article\",\"isPartOf\":{\"@id\":\"https:\/\/www.2em.ch\/blog\/hommage-a-la-fiat-500-rassemblement\/\"},\"author\":{\"name\":\"Youness\",\"@id\":\"https:\/\/www.2em.ch\/blog\/#\/schema\/person\/43f561628bfee1943ecaae53abca9026\"},\"headline\":\"Hommage \u00e0 la Fiat 500 &amp; Rassemblement\",\"datePublished\":\"2016-08-19T13:01:47+00:00\",\"dateModified\":\"2020-09-15T10:08:46+00:00\",\"mainEntityOfPage\":{\"@id\":\"https:\/\/www.2em.ch\/blog\/hommage-a-la-fiat-500-rassemblement\/\"},\"wordCount\":973,\"commentCount\":0,\"publisher\":{\"@id\":\"https:\/\/www.2em.ch\/blog\/#organization\"},\"keywords\":[\"alpes 500\",\"car sharing\",\"crans-montana\",\"fiat 500\",\"histoire\",\"internationale 500\",\"location voiture suisse\",\"louer voiture pas cher\"],\"articleSection\":[\"2EM Lifestyle\"],\"inLanguage\":\"fr-FR\",\"potentialAction\":[{\"@type\":\"CommentAction\",\"name\":\"Comment\",\"target\":[\"https:\/\/www.2em.ch\/blog\/hommage-a-la-fiat-500-rassemblement\/#respond\"]}]},{\"@type\":\"WebPage\",\"@id\":\"https:\/\/www.2em.ch\/blog\/hommage-a-la-fiat-500-rassemblement\/\",\"url\":\"https:\/\/www.2em.ch\/blog\/hommage-a-la-fiat-500-rassemblement\/\",\"name\":\"Hommage \u00e0 la Fiat 500 &amp; Rassemblement - Blog\",\"isPartOf\":{\"@id\":\"https:\/\/www.2em.ch\/blog\/#website\"},\"datePublished\":\"2016-08-19T13:01:47+00:00\",\"dateModified\":\"2020-09-15T10:08:46+00:00\",\"breadcrumb\":{\"@id\":\"https:\/\/www.2em.ch\/blog\/hommage-a-la-fiat-500-rassemblement\/#breadcrumb\"},\"inLanguage\":\"fr-FR\",\"potentialAction\":[{\"@type\":\"ReadAction\",\"target\":[\"https:\/\/www.2em.ch\/blog\/hommage-a-la-fiat-500-rassemblement\/\"]}]},{\"@type\":\"BreadcrumbList\",\"@id\":\"https:\/\/www.2em.ch\/blog\/hommage-a-la-fiat-500-rassemblement\/#breadcrumb\",\"itemListElement\":[{\"@type\":\"ListItem\",\"position\":1,\"name\":\"Blog carsharing\",\"item\":\"https:\/\/www.2em.ch\/blog\/\"},{\"@type\":\"ListItem\",\"position\":2,\"name\":\"Hommage \u00e0 la Fiat 500 &amp; Rassemblement\"}]},{\"@type\":\"WebSite\",\"@id\":\"https:\/\/www.2em.ch\/blog\/#website\",\"url\":\"https:\/\/www.2em.ch\/blog\/\",\"name\":\"Blog\",\"description\":\"Plateforme Suisse d&#039;autopartage\",\"publisher\":{\"@id\":\"https:\/\/www.2em.ch\/blog\/#organization\"},\"potentialAction\":[{\"@type\":\"SearchAction\",\"target\":{\"@type\":\"EntryPoint\",\"urlTemplate\":\"https:\/\/www.2em.ch\/blog\/?s={search_term_string}\"},\"query-input\":\"required name=search_term_string\"}],\"inLanguage\":\"fr-FR\"},{\"@type\":\"Organization\",\"@id\":\"https:\/\/www.2em.ch\/blog\/#organization\",\"name\":\"Blog\",\"url\":\"https:\/\/www.2em.ch\/blog\/\",\"logo\":{\"@type\":\"ImageObject\",\"inLanguage\":\"fr-FR\",\"@id\":\"https:\/\/www.2em.ch\/blog\/#\/schema\/logo\/image\/\",\"url\":\"https:\/\/www.2em.ch\/blog\/wp-content\/uploads\/2020\/04\/cropped-logo-e1570472900624.jpg\",\"contentUrl\":\"https:\/\/www.2em.ch\/blog\/wp-content\/uploads\/2020\/04\/cropped-logo-e1570472900624.jpg\",\"width\":240,\"height\":64,\"caption\":\"Blog\"},\"image\":{\"@id\":\"https:\/\/www.2em.ch\/blog\/#\/schema\/logo\/image\/\"}},{\"@type\":\"Person\",\"@id\":\"https:\/\/www.2em.ch\/blog\/#\/schema\/person\/43f561628bfee1943ecaae53abca9026\",\"name\":\"Youness\",\"image\":{\"@type\":\"ImageObject\",\"inLanguage\":\"fr-FR\",\"@id\":\"https:\/\/www.2em.ch\/blog\/#\/schema\/person\/image\/\",\"url\":\"https:\/\/secure.gravatar.com\/avatar\/79b2538b700bdd5ae795c930512cde84?s=96&d=blank&r=g\",\"contentUrl\":\"https:\/\/secure.gravatar.com\/avatar\/79b2538b700bdd5ae795c930512cde84?s=96&d=blank&r=g\",\"caption\":\"Youness\"}}]}<\/script>\n<!-- \/ Yoast SEO plugin. -->","yoast_head_json":{"title":"Hommage \u00e0 la Fiat 500 &amp; Rassemblement - Blog","robots":{"index":"index","follow":"follow","max-snippet":"max-snippet:-1","max-image-preview":"max-image-preview:large","max-video-preview":"max-video-preview:-1"},"canonical":"https:\/\/www.2em.ch\/blog\/hommage-a-la-fiat-500-rassemblement\/","og_locale":"fr_FR","og_type":"article","og_title":"Hommage \u00e0 la Fiat 500 &amp; Rassemblement - Blog","og_description":"A l\u2019occasion du meeting\u00a0international des Fiat 500 le weekend du 26 \u00e0 Crans-Montana, 2EM vous propose un article afin de vous rem\u00e9morer les raisons qui ont fait de cette\u00a0voiture\u00a0une\u00a0l\u00e9gende. La...","og_url":"https:\/\/www.2em.ch\/blog\/hommage-a-la-fiat-500-rassemblement\/","og_site_name":"Blog","article_published_time":"2016-08-19T13:01:47+00:00","article_modified_time":"2020-09-15T10:08:46+00:00","og_image":[{"width":640,"height":280,"url":"https:\/\/www.2em.ch\/blog\/wp-content\/uploads\/2016\/08\/Dual500.jpg","type":"image\/jpeg"}],"author":"Youness","twitter_card":"summary_large_image","twitter_misc":{"\u00c9crit par":"Youness","Dur\u00e9e de lecture estim\u00e9e":"5 minutes"},"schema":{"@context":"https:\/\/schema.org","@graph":[{"@type":"Article","@id":"https:\/\/www.2em.ch\/blog\/hommage-a-la-fiat-500-rassemblement\/#article","isPartOf":{"@id":"https:\/\/www.2em.ch\/blog\/hommage-a-la-fiat-500-rassemblement\/"},"author":{"name":"Youness","@id":"https:\/\/www.2em.ch\/blog\/#\/schema\/person\/43f561628bfee1943ecaae53abca9026"},"headline":"Hommage \u00e0 la Fiat 500 &amp; Rassemblement","datePublished":"2016-08-19T13:01:47+00:00","dateModified":"2020-09-15T10:08:46+00:00","mainEntityOfPage":{"@id":"https:\/\/www.2em.ch\/blog\/hommage-a-la-fiat-500-rassemblement\/"},"wordCount":973,"commentCount":0,"publisher":{"@id":"https:\/\/www.2em.ch\/blog\/#organization"},"keywords":["alpes 500","car sharing","crans-montana","fiat 500","histoire","internationale 500","location voiture suisse","louer voiture pas cher"],"articleSection":["2EM Lifestyle"],"inLanguage":"fr-FR","potentialAction":[{"@type":"CommentAction","name":"Comment","target":["https:\/\/www.2em.ch\/blog\/hommage-a-la-fiat-500-rassemblement\/#respond"]}]},{"@type":"WebPage","@id":"https:\/\/www.2em.ch\/blog\/hommage-a-la-fiat-500-rassemblement\/","url":"https:\/\/www.2em.ch\/blog\/hommage-a-la-fiat-500-rassemblement\/","name":"Hommage \u00e0 la Fiat 500 &amp; Rassemblement - Blog","isPartOf":{"@id":"https:\/\/www.2em.ch\/blog\/#website"},"datePublished":"2016-08-19T13:01:47+00:00","dateModified":"2020-09-15T10:08:46+00:00","breadcrumb":{"@id":"https:\/\/www.2em.ch\/blog\/hommage-a-la-fiat-500-rassemblement\/#breadcrumb"},"inLanguage":"fr-FR","potentialAction":[{"@type":"ReadAction","target":["https:\/\/www.2em.ch\/blog\/hommage-a-la-fiat-500-rassemblement\/"]}]},{"@type":"BreadcrumbList","@id":"https:\/\/www.2em.ch\/blog\/hommage-a-la-fiat-500-rassemblement\/#breadcrumb","itemListElement":[{"@type":"ListItem","position":1,"name":"Blog carsharing","item":"https:\/\/www.2em.ch\/blog\/"},{"@type":"ListItem","position":2,"name":"Hommage \u00e0 la Fiat 500 &amp; Rassemblement"}]},{"@type":"WebSite","@id":"https:\/\/www.2em.ch\/blog\/#website","url":"https:\/\/www.2em.ch\/blog\/","name":"Blog","description":"Plateforme Suisse d&#039;autopartage","publisher":{"@id":"https:\/\/www.2em.ch\/blog\/#organization"},"potentialAction":[{"@type":"SearchAction","target":{"@type":"EntryPoint","urlTemplate":"https:\/\/www.2em.ch\/blog\/?s={search_term_string}"},"query-input":"required name=search_term_string"}],"inLanguage":"fr-FR"},{"@type":"Organization","@id":"https:\/\/www.2em.ch\/blog\/#organization","name":"Blog","url":"https:\/\/www.2em.ch\/blog\/","logo":{"@type":"ImageObject","inLanguage":"fr-FR","@id":"https:\/\/www.2em.ch\/blog\/#\/schema\/logo\/image\/","url":"https:\/\/www.2em.ch\/blog\/wp-content\/uploads\/2020\/04\/cropped-logo-e1570472900624.jpg","contentUrl":"https:\/\/www.2em.ch\/blog\/wp-content\/uploads\/2020\/04\/cropped-logo-e1570472900624.jpg","width":240,"height":64,"caption":"Blog"},"image":{"@id":"https:\/\/www.2em.ch\/blog\/#\/schema\/logo\/image\/"}},{"@type":"Person","@id":"https:\/\/www.2em.ch\/blog\/#\/schema\/person\/43f561628bfee1943ecaae53abca9026","name":"Youness","image":{"@type":"ImageObject","inLanguage":"fr-FR","@id":"https:\/\/www.2em.ch\/blog\/#\/schema\/person\/image\/","url":"https:\/\/secure.gravatar.com\/avatar\/79b2538b700bdd5ae795c930512cde84?s=96&d=blank&r=g","contentUrl":"https:\/\/secure.gravatar.com\/avatar\/79b2538b700bdd5ae795c930512cde84?s=96&d=blank&r=g","caption":"Youness"}}]}},"_links":{"self":[{"href":"https:\/\/www.2em.ch\/blog\/wp-json\/wp\/v2\/posts\/149"}],"collection":[{"href":"https:\/\/www.2em.ch\/blog\/wp-json\/wp\/v2\/posts"}],"about":[{"href":"https:\/\/www.2em.ch\/blog\/wp-json\/wp\/v2\/types\/post"}],"author":[{"embeddable":true,"href":"https:\/\/www.2em.ch\/blog\/wp-json\/wp\/v2\/users\/1"}],"replies":[{"embeddable":true,"href":"https:\/\/www.2em.ch\/blog\/wp-json\/wp\/v2\/comments?post=149"}],"version-history":[{"count":24,"href":"https:\/\/www.2em.ch\/blog\/wp-json\/wp\/v2\/posts\/149\/revisions"}],"predecessor-version":[{"id":677,"href":"https:\/\/www.2em.ch\/blog\/wp-json\/wp\/v2\/posts\/149\/revisions\/677"}],"wp:featuredmedia":[{"embeddable":true,"href":"https:\/\/www.2em.ch\/blog\/wp-json\/wp\/v2\/media\/160"}],"wp:attachment":[{"href":"https:\/\/www.2em.ch\/blog\/wp-json\/wp\/v2\/media?parent=149"}],"wp:term":[{"taxonomy":"category","embeddable":true,"href":"https:\/\/www.2em.ch\/blog\/wp-json\/wp\/v2\/categories?post=149"},{"taxonomy":"post_tag","embeddable":true,"href":"https:\/\/www.2em.ch\/blog\/wp-json\/wp\/v2\/tags?post=149"}],"curies":[{"name":"wp","href":"https:\/\/api.w.org\/{rel}","templated":true}]}}