{"id":1396,"date":"2026-01-14T11:56:15","date_gmt":"2026-01-14T10:56:15","guid":{"rendered":"https:\/\/www.2em.ch\/blog\/?p=1396"},"modified":"2026-03-16T16:41:05","modified_gmt":"2026-03-16T15:41:05","slug":"warum-elektrofahrzeuge-carsharing-noch-relevanter-machen","status":"publish","type":"post","link":"https:\/\/www.2em.ch\/blog\/warum-elektrofahrzeuge-carsharing-noch-relevanter-machen\/","title":{"rendered":"Warum Elektrofahrzeuge Carsharing noch relevanter machen"},"content":{"rendered":"<h2><b>Einleitung \u2013 Der Aufstieg der Elektrofahrzeuge<\/b><\/h2>\n<p>Die Elektrifizierung von Autos ist kein Randph\u00e4nomen mehr, sondern wird zur Norm. Der Absatz von Elektroautos steigt von Jahr zu Jahr, und man sieht diese Fahrzeuge \u00fcberall \u2013 in der Stadt, in Vororten und sogar auf Landstrassen. Dieser Wandel ist nicht nur eine Antwort auf die Herausforderungen des Klimawandels, sondern ver\u00e4ndert auch unsere Vorstellung von kollektiver und individueller Mobilit\u00e4t.<\/p>\n<p>\u00dcber die reine Energiewende hinaus gibt es jedoch eine <strong>weniger diskutierte<\/strong>, aber ebenso wichtige Konsequenz:<\/p>\n<p>\ud83d\udc49 Die intrinsische Architektur von Elektrofahrzeugen macht sie oft <strong>langlebiger und kosteng\u00fcnstiger in der Wartung<\/strong> als ihre Verbrenner-Pendants \u2013 ein grosser Vorteil in einer Logik des <strong>Teilens und der intensiven Nutzung<\/strong> statt des individuellen Besitzes.<\/p>\n<p>&nbsp;<\/p>\n<h2><b>Weniger bewegliche Teile = weniger Wartungsaufwand<\/b><\/h2>\n<p>Der Hauptgrund f\u00fcr diesen Vorteil ist einfach: Ein Elektrofahrzeug hat viel <strong>weniger bewegliche Teile<\/strong> als ein Fahrzeug mit Verbrennungsmotor. Es hat weder:<\/p>\n<ul>\n<li>Riemen,<\/li>\n<li>Kolben,<\/li>\n<li>Z\u00fcndkerzen,<\/li>\n<li>\u00d6lfilter,<\/li>\n<li>komplexes Schaltgetriebe,<\/li>\n<\/ul>\n<p>usw.<\/p>\n<p>Das bedeutet, dass <strong>keine \u00d6lwechsel<\/strong> und kein Austausch komplizierter mechanischer Verschleissteile erforderlich sind. Folglich:<\/p>\n<ul>\n<li>sind Werkstattbesuche <strong>seltener<\/strong>;<\/li>\n<li>entfallen kostspielige Arbeiten am Verbrennungsmotor;<\/li>\n<li>verschleissen bestimmte Teile, wie z. B. Bremsen, dank regenerativem Bremsen <strong>weniger schnell<\/strong>.<\/li>\n<\/ul>\n<p>&nbsp;<\/p>\n<h2><b>Im Allgemeinen niedrigere Betriebskosten<br \/>\n<\/b><\/h2>\n<p>Mehrere Quellen best\u00e4tigen, dass die Wartungskosten f\u00fcr Elektrofahrzeuge im normalen Alltagsgebrauch <strong>deutlich niedriger<\/strong> sind als die f\u00fcr ein vergleichbares Fahrzeug mit Verbrennungsmotor.<\/p>\n<p>Besonders interessant f\u00fcr Carsharing ist, dass <strong>diese Einsparungen auch bei intensiver Nutzung des Fahrzeugs<\/strong> (z. B. mehrmals t\u00e4glich durch verschiedene Nutzer) <strong>bestehen bleiben<\/strong>.<\/p>\n<p>&nbsp;<\/p>\n<h2><b>Carsharing + Elektrofahrzeuge: eine logische Kombination<\/b><\/h2>\n<p><span style=\"font-weight: 400;\">Um zu verstehen, warum diese Eigenschaften im Rahmen des Carsharing sinnvoll sind, muss man sich vor Augen f\u00fchren, was von einem gemeinsam genutzten Fahrzeug erwartet wird:<\/span><\/p>\n<h3><b>Vielf\u00e4ltige Nutzung, viele Fahrzyklen<\/b><\/h3>\n<p>In einem Carsharing-Modell wird ein Fahrzeug h\u00e4ufiger und von verschiedenen Fahrern genutzt, was folgende Auswirkungen hat:<\/p>\n<ul>\n<li>die H\u00e4ufigkeit der Lade-\/Entladezyklen erh\u00f6ht,<\/li>\n<li>die Anzahl der Starts\/Stopps im Stadtverkehr vervielfacht \u2013 ein Bereich, in dem Elektrofahrzeuge dank ihres sofortigen Drehmoments gl\u00e4nzen.<\/li>\n<\/ul>\n<h3><b>Weniger aufwendige Wartung<\/b><\/h3>\n<p>Einfachere Wartung bedeutet:<\/p>\n<ul>\n<li>weniger Ausfallzeiten f\u00fcr Reparaturen,<\/li>\n<li>weniger \u00fcberraschende Wartungskosten,<\/li>\n<li>h\u00f6here Verf\u00fcgbarkeit f\u00fcr Mieter.<\/li>\n<\/ul>\n<h3><b>Mechanische Haltbarkeit<br \/>\n<\/b><\/h3>\n<p>Auch wenn Batterien eine begrenzte Lebensdauer haben, sind viele wichtige Komponenten \u2013 Motor, Getriebe, Elektrik \u2013 auf eine sehr lange Lebensdauer ausgelegt, sodass eine intensive Nutzung <strong>weniger nachteilig<\/strong> ist als bei einem herk\u00f6mmlichen Verbrennungsmotor.<\/p>\n<p>&nbsp;<\/p>\n<h2><b>EV und Carsharing: ein positiver Kreislauf<\/b><\/h2>\n<p>Wenn ein Elektrofahrzeug in einem Carsharing-System gut gewartet wird:<\/p>\n<ul>\n<li>verbringt es <strong>weniger Zeit in der Werkstatt<\/strong>;<\/li>\n<li>ist es f\u00fcr <strong>mehr Vermietungen verf\u00fcgbar<\/strong>;<\/li>\n<li>und erfordert es <strong>weniger kostspielige Reparaturen<\/strong>.<\/li>\n<\/ul>\n<p>Das ist keine Prophezeiung, sondern eine direkte Folge der Fahrzeugarchitektur und der Art und Weise, wie es in einem Carsharing-Modell genutzt wird.<\/p>\n<p>&nbsp;<\/p>\n<h2><b>Fazit \u2013 mehr als nur ein \u00f6kologischer Vorteil<\/b><\/h2>\n<p>Elektrofahrzeuge sind nicht nur sauberer:<\/p>\n<ul>\n<li>sie sind <strong>effizienter im Gebrauch<\/strong><\/li>\n<li>sie <strong>verschleissen mechanisch weniger schnell<\/strong><\/li>\n<li>sie <strong>reduzieren Kosten und Nutzungsunterbrechungen<\/strong><\/li>\n<\/ul>\n<p>In einer Wirtschaft, in der Besitz weniger wichtig ist als praktischer Zugang, ist Elektromobilit\u00e4t nicht nur eine Alternative \u2013 sie ist <strong>ein logischer Beschleuniger des Teilens<\/strong>.<\/p>\n<p>\ud83d\udc49 Daher ist es sinnvoll, sich zu fragen:<br \/>\nWenn wir die Nutzung eines Fuhrparks wirklich maximieren wollen, sollten wir dann nicht <strong>zuerst in Begriffen der geteilten Mobilit\u00e4t denken, anstatt in denen des individuellen Besitzes<\/strong>?<\/p>\n","protected":false},"excerpt":{"rendered":"<p>Einleitung \u2013 Der Aufstieg der Elektrofahrzeuge Die Elektrifizierung von Autos ist kein Randph\u00e4nomen mehr, sondern wird zur Norm. Der Absatz von Elektroautos steigt von Jahr zu Jahr, und man sieht&#8230;<\/p>\n","protected":false},"author":14,"featured_media":1394,"comment_status":"closed","ping_status":"closed","sticky":true,"template":"","format":"gallery","meta":[],"categories":[57],"tags":[],"yoast_head":"<!-- This site is optimized with the Yoast SEO plugin v19.9 - https:\/\/yoast.com\/wordpress\/plugins\/seo\/ -->\n<title>Warum Elektrofahrzeuge Carsharing noch relevanter machen | 2EM car sharing<\/title>\n<meta name=\"description\" content=\"Elektrofahrzeuge sind nachhaltiger, wirtschaftlicher. Aber sie sind auch f\u00fcr die geteilte Mobilit\u00e4t besser geeignet.\" \/>\n<meta name=\"robots\" content=\"index, follow, max-snippet:-1, max-image-preview:large, max-video-preview:-1\" \/>\n<link rel=\"canonical\" href=\"https:\/\/www.2em.ch\/blog\/warum-elektrofahrzeuge-carsharing-noch-relevanter-machen\/\" \/>\n<meta property=\"og:locale\" content=\"fr_FR\" \/>\n<meta property=\"og:type\" content=\"article\" \/>\n<meta property=\"og:title\" content=\"Warum Elektrofahrzeuge Carsharing noch relevanter machen | 2EM car sharing\" \/>\n<meta property=\"og:description\" content=\"Elektrofahrzeuge sind nachhaltiger, wirtschaftlicher. Aber sie sind auch f\u00fcr die geteilte Mobilit\u00e4t besser geeignet.\" \/>\n<meta property=\"og:url\" content=\"https:\/\/www.2em.ch\/blog\/warum-elektrofahrzeuge-carsharing-noch-relevanter-machen\/\" \/>\n<meta property=\"og:site_name\" content=\"Blog\" \/>\n<meta property=\"article:published_time\" content=\"2026-01-14T10:56:15+00:00\" \/>\n<meta property=\"article:modified_time\" content=\"2026-03-16T15:41:05+00:00\" \/>\n<meta property=\"og:image\" content=\"https:\/\/www.2em.ch\/blog\/wp-content\/uploads\/2026\/01\/pexels-andersen-ev-1587213396-27355824.jpg\" \/>\n\t<meta property=\"og:image:width\" content=\"1920\" \/>\n\t<meta property=\"og:image:height\" content=\"1280\" \/>\n\t<meta property=\"og:image:type\" content=\"image\/jpeg\" \/>\n<meta name=\"author\" content=\"Yannick Barras\" \/>\n<meta name=\"twitter:card\" content=\"summary_large_image\" \/>\n<meta name=\"twitter:label1\" content=\"\u00c9crit par\" \/>\n\t<meta name=\"twitter:data1\" content=\"Yannick Barras\" \/>\n\t<meta name=\"twitter:label2\" content=\"Dur\u00e9e de lecture estim\u00e9e\" \/>\n\t<meta name=\"twitter:data2\" content=\"3 minutes\" \/>\n<script type=\"application\/ld+json\" class=\"yoast-schema-graph\">{\"@context\":\"https:\/\/schema.org\",\"@graph\":[{\"@type\":\"Article\",\"@id\":\"https:\/\/www.2em.ch\/blog\/warum-elektrofahrzeuge-carsharing-noch-relevanter-machen\/#article\",\"isPartOf\":{\"@id\":\"https:\/\/www.2em.ch\/blog\/warum-elektrofahrzeuge-carsharing-noch-relevanter-machen\/\"},\"author\":{\"name\":\"Yannick Barras\",\"@id\":\"https:\/\/www.2em.ch\/blog\/#\/schema\/person\/cf60d605212746d36579485fdeec6937\"},\"headline\":\"Warum Elektrofahrzeuge Carsharing noch relevanter machen\",\"datePublished\":\"2026-01-14T10:56:15+00:00\",\"dateModified\":\"2026-03-16T15:41:05+00:00\",\"mainEntityOfPage\":{\"@id\":\"https:\/\/www.2em.ch\/blog\/warum-elektrofahrzeuge-carsharing-noch-relevanter-machen\/\"},\"wordCount\":532,\"publisher\":{\"@id\":\"https:\/\/www.2em.ch\/blog\/#organization\"},\"inLanguage\":\"fr-FR\"},{\"@type\":\"WebPage\",\"@id\":\"https:\/\/www.2em.ch\/blog\/warum-elektrofahrzeuge-carsharing-noch-relevanter-machen\/\",\"url\":\"https:\/\/www.2em.ch\/blog\/warum-elektrofahrzeuge-carsharing-noch-relevanter-machen\/\",\"name\":\"Warum Elektrofahrzeuge Carsharing noch relevanter machen | 2EM car sharing\",\"isPartOf\":{\"@id\":\"https:\/\/www.2em.ch\/blog\/#website\"},\"datePublished\":\"2026-01-14T10:56:15+00:00\",\"dateModified\":\"2026-03-16T15:41:05+00:00\",\"description\":\"Elektrofahrzeuge sind nachhaltiger, wirtschaftlicher. Aber sie sind auch f\u00fcr die geteilte Mobilit\u00e4t besser geeignet.\",\"breadcrumb\":{\"@id\":\"https:\/\/www.2em.ch\/blog\/warum-elektrofahrzeuge-carsharing-noch-relevanter-machen\/#breadcrumb\"},\"inLanguage\":\"fr-FR\",\"potentialAction\":[{\"@type\":\"ReadAction\",\"target\":[\"https:\/\/www.2em.ch\/blog\/warum-elektrofahrzeuge-carsharing-noch-relevanter-machen\/\"]}]},{\"@type\":\"BreadcrumbList\",\"@id\":\"https:\/\/www.2em.ch\/blog\/warum-elektrofahrzeuge-carsharing-noch-relevanter-machen\/#breadcrumb\",\"itemListElement\":[{\"@type\":\"ListItem\",\"position\":1,\"name\":\"Blog carsharing\",\"item\":\"https:\/\/www.2em.ch\/blog\/\"},{\"@type\":\"ListItem\",\"position\":2,\"name\":\"Warum Elektrofahrzeuge Carsharing noch relevanter machen\"}]},{\"@type\":\"WebSite\",\"@id\":\"https:\/\/www.2em.ch\/blog\/#website\",\"url\":\"https:\/\/www.2em.ch\/blog\/\",\"name\":\"Blog\",\"description\":\"Plateforme Suisse d&#039;autopartage\",\"publisher\":{\"@id\":\"https:\/\/www.2em.ch\/blog\/#organization\"},\"potentialAction\":[{\"@type\":\"SearchAction\",\"target\":{\"@type\":\"EntryPoint\",\"urlTemplate\":\"https:\/\/www.2em.ch\/blog\/?s={search_term_string}\"},\"query-input\":\"required name=search_term_string\"}],\"inLanguage\":\"fr-FR\"},{\"@type\":\"Organization\",\"@id\":\"https:\/\/www.2em.ch\/blog\/#organization\",\"name\":\"Blog\",\"url\":\"https:\/\/www.2em.ch\/blog\/\",\"logo\":{\"@type\":\"ImageObject\",\"inLanguage\":\"fr-FR\",\"@id\":\"https:\/\/www.2em.ch\/blog\/#\/schema\/logo\/image\/\",\"url\":\"https:\/\/www.2em.ch\/blog\/wp-content\/uploads\/2020\/04\/cropped-logo-e1570472900624.jpg\",\"contentUrl\":\"https:\/\/www.2em.ch\/blog\/wp-content\/uploads\/2020\/04\/cropped-logo-e1570472900624.jpg\",\"width\":240,\"height\":64,\"caption\":\"Blog\"},\"image\":{\"@id\":\"https:\/\/www.2em.ch\/blog\/#\/schema\/logo\/image\/\"}},{\"@type\":\"Person\",\"@id\":\"https:\/\/www.2em.ch\/blog\/#\/schema\/person\/cf60d605212746d36579485fdeec6937\",\"name\":\"Yannick Barras\",\"image\":{\"@type\":\"ImageObject\",\"inLanguage\":\"fr-FR\",\"@id\":\"https:\/\/www.2em.ch\/blog\/#\/schema\/person\/image\/\",\"url\":\"https:\/\/secure.gravatar.com\/avatar\/690f63f7978a19ad09deb4ddf7c1abc7?s=96&d=blank&r=g\",\"contentUrl\":\"https:\/\/secure.gravatar.com\/avatar\/690f63f7978a19ad09deb4ddf7c1abc7?s=96&d=blank&r=g\",\"caption\":\"Yannick Barras\"}}]}<\/script>\n<!-- \/ Yoast SEO plugin. -->","yoast_head_json":{"title":"Warum Elektrofahrzeuge Carsharing noch relevanter machen | 2EM car sharing","description":"Elektrofahrzeuge sind nachhaltiger, wirtschaftlicher. Aber sie sind auch f\u00fcr die geteilte Mobilit\u00e4t besser geeignet.","robots":{"index":"index","follow":"follow","max-snippet":"max-snippet:-1","max-image-preview":"max-image-preview:large","max-video-preview":"max-video-preview:-1"},"canonical":"https:\/\/www.2em.ch\/blog\/warum-elektrofahrzeuge-carsharing-noch-relevanter-machen\/","og_locale":"fr_FR","og_type":"article","og_title":"Warum Elektrofahrzeuge Carsharing noch relevanter machen | 2EM car sharing","og_description":"Elektrofahrzeuge sind nachhaltiger, wirtschaftlicher. Aber sie sind auch f\u00fcr die geteilte Mobilit\u00e4t besser geeignet.","og_url":"https:\/\/www.2em.ch\/blog\/warum-elektrofahrzeuge-carsharing-noch-relevanter-machen\/","og_site_name":"Blog","article_published_time":"2026-01-14T10:56:15+00:00","article_modified_time":"2026-03-16T15:41:05+00:00","og_image":[{"width":1920,"height":1280,"url":"https:\/\/www.2em.ch\/blog\/wp-content\/uploads\/2026\/01\/pexels-andersen-ev-1587213396-27355824.jpg","type":"image\/jpeg"}],"author":"Yannick Barras","twitter_card":"summary_large_image","twitter_misc":{"\u00c9crit par":"Yannick Barras","Dur\u00e9e de lecture estim\u00e9e":"3 minutes"},"schema":{"@context":"https:\/\/schema.org","@graph":[{"@type":"Article","@id":"https:\/\/www.2em.ch\/blog\/warum-elektrofahrzeuge-carsharing-noch-relevanter-machen\/#article","isPartOf":{"@id":"https:\/\/www.2em.ch\/blog\/warum-elektrofahrzeuge-carsharing-noch-relevanter-machen\/"},"author":{"name":"Yannick Barras","@id":"https:\/\/www.2em.ch\/blog\/#\/schema\/person\/cf60d605212746d36579485fdeec6937"},"headline":"Warum Elektrofahrzeuge Carsharing noch relevanter machen","datePublished":"2026-01-14T10:56:15+00:00","dateModified":"2026-03-16T15:41:05+00:00","mainEntityOfPage":{"@id":"https:\/\/www.2em.ch\/blog\/warum-elektrofahrzeuge-carsharing-noch-relevanter-machen\/"},"wordCount":532,"publisher":{"@id":"https:\/\/www.2em.ch\/blog\/#organization"},"inLanguage":"fr-FR"},{"@type":"WebPage","@id":"https:\/\/www.2em.ch\/blog\/warum-elektrofahrzeuge-carsharing-noch-relevanter-machen\/","url":"https:\/\/www.2em.ch\/blog\/warum-elektrofahrzeuge-carsharing-noch-relevanter-machen\/","name":"Warum Elektrofahrzeuge Carsharing noch relevanter machen | 2EM car sharing","isPartOf":{"@id":"https:\/\/www.2em.ch\/blog\/#website"},"datePublished":"2026-01-14T10:56:15+00:00","dateModified":"2026-03-16T15:41:05+00:00","description":"Elektrofahrzeuge sind nachhaltiger, wirtschaftlicher. Aber sie sind auch f\u00fcr die geteilte Mobilit\u00e4t besser geeignet.","breadcrumb":{"@id":"https:\/\/www.2em.ch\/blog\/warum-elektrofahrzeuge-carsharing-noch-relevanter-machen\/#breadcrumb"},"inLanguage":"fr-FR","potentialAction":[{"@type":"ReadAction","target":["https:\/\/www.2em.ch\/blog\/warum-elektrofahrzeuge-carsharing-noch-relevanter-machen\/"]}]},{"@type":"BreadcrumbList","@id":"https:\/\/www.2em.ch\/blog\/warum-elektrofahrzeuge-carsharing-noch-relevanter-machen\/#breadcrumb","itemListElement":[{"@type":"ListItem","position":1,"name":"Blog carsharing","item":"https:\/\/www.2em.ch\/blog\/"},{"@type":"ListItem","position":2,"name":"Warum Elektrofahrzeuge Carsharing noch relevanter machen"}]},{"@type":"WebSite","@id":"https:\/\/www.2em.ch\/blog\/#website","url":"https:\/\/www.2em.ch\/blog\/","name":"Blog","description":"Plateforme Suisse d&#039;autopartage","publisher":{"@id":"https:\/\/www.2em.ch\/blog\/#organization"},"potentialAction":[{"@type":"SearchAction","target":{"@type":"EntryPoint","urlTemplate":"https:\/\/www.2em.ch\/blog\/?s={search_term_string}"},"query-input":"required name=search_term_string"}],"inLanguage":"fr-FR"},{"@type":"Organization","@id":"https:\/\/www.2em.ch\/blog\/#organization","name":"Blog","url":"https:\/\/www.2em.ch\/blog\/","logo":{"@type":"ImageObject","inLanguage":"fr-FR","@id":"https:\/\/www.2em.ch\/blog\/#\/schema\/logo\/image\/","url":"https:\/\/www.2em.ch\/blog\/wp-content\/uploads\/2020\/04\/cropped-logo-e1570472900624.jpg","contentUrl":"https:\/\/www.2em.ch\/blog\/wp-content\/uploads\/2020\/04\/cropped-logo-e1570472900624.jpg","width":240,"height":64,"caption":"Blog"},"image":{"@id":"https:\/\/www.2em.ch\/blog\/#\/schema\/logo\/image\/"}},{"@type":"Person","@id":"https:\/\/www.2em.ch\/blog\/#\/schema\/person\/cf60d605212746d36579485fdeec6937","name":"Yannick Barras","image":{"@type":"ImageObject","inLanguage":"fr-FR","@id":"https:\/\/www.2em.ch\/blog\/#\/schema\/person\/image\/","url":"https:\/\/secure.gravatar.com\/avatar\/690f63f7978a19ad09deb4ddf7c1abc7?s=96&d=blank&r=g","contentUrl":"https:\/\/secure.gravatar.com\/avatar\/690f63f7978a19ad09deb4ddf7c1abc7?s=96&d=blank&r=g","caption":"Yannick Barras"}}]}},"_links":{"self":[{"href":"https:\/\/www.2em.ch\/blog\/wp-json\/wp\/v2\/posts\/1396"}],"collection":[{"href":"https:\/\/www.2em.ch\/blog\/wp-json\/wp\/v2\/posts"}],"about":[{"href":"https:\/\/www.2em.ch\/blog\/wp-json\/wp\/v2\/types\/post"}],"author":[{"embeddable":true,"href":"https:\/\/www.2em.ch\/blog\/wp-json\/wp\/v2\/users\/14"}],"replies":[{"embeddable":true,"href":"https:\/\/www.2em.ch\/blog\/wp-json\/wp\/v2\/comments?post=1396"}],"version-history":[{"count":1,"href":"https:\/\/www.2em.ch\/blog\/wp-json\/wp\/v2\/posts\/1396\/revisions"}],"predecessor-version":[{"id":1397,"href":"https:\/\/www.2em.ch\/blog\/wp-json\/wp\/v2\/posts\/1396\/revisions\/1397"}],"wp:featuredmedia":[{"embeddable":true,"href":"https:\/\/www.2em.ch\/blog\/wp-json\/wp\/v2\/media\/1394"}],"wp:attachment":[{"href":"https:\/\/www.2em.ch\/blog\/wp-json\/wp\/v2\/media?parent=1396"}],"wp:term":[{"taxonomy":"category","embeddable":true,"href":"https:\/\/www.2em.ch\/blog\/wp-json\/wp\/v2\/categories?post=1396"},{"taxonomy":"post_tag","embeddable":true,"href":"https:\/\/www.2em.ch\/blog\/wp-json\/wp\/v2\/tags?post=1396"}],"curies":[{"name":"wp","href":"https:\/\/api.w.org\/{rel}","templated":true}]}}