{"id":1392,"date":"2026-01-14T11:27:29","date_gmt":"2026-01-14T10:27:29","guid":{"rendered":"https:\/\/www.2em.ch\/blog\/?p=1392"},"modified":"2026-03-16T16:40:50","modified_gmt":"2026-03-16T15:40:50","slug":"pourquoi-les-vehicules-electriques-rendent-le-car-sharing-encore-plus-pertinent","status":"publish","type":"post","link":"https:\/\/www.2em.ch\/blog\/pourquoi-les-vehicules-electriques-rendent-le-car-sharing-encore-plus-pertinent\/","title":{"rendered":"Pourquoi les v\u00e9hicules \u00e9lectriques rendent le car sharing encore plus pertinent"},"content":{"rendered":"<h2><b>Introduction \u2014 la mont\u00e9e des v\u00e9hicules \u00e9lectriques<\/b><\/h2>\n<p><span style=\"font-weight: 400;\">L\u2019\u00e9lectrification de l\u2019automobile n\u2019est plus un ph\u00e9nom\u00e8ne marginal : elle est en train de devenir la norme. Les ventes de voitures \u00e9lectriques continuent d\u2019augmenter ann\u00e9e apr\u00e8s ann\u00e9e, et on voit ces v\u00e9hicules partout \u2014 en ville, en banlieue, et m\u00eame sur les routes rurales. Cette transition n\u2019est pas seulement une r\u00e9ponse aux enjeux climatiques : elle transforme \u00e9galement la fa\u00e7on dont nous pensons la mobilit\u00e9 collective et individuelle.<\/span><\/p>\n<p><span style=\"font-weight: 400;\">Mais au-del\u00e0 de la simple transition \u00e9nerg\u00e9tique, il y a une cons\u00e9quence <\/span><b>moins discut\u00e9e<\/b><span style=\"font-weight: 400;\"> mais tout aussi importante :<\/span><\/p>\n<p><span style=\"font-weight: 400;\"><br \/>\n<\/span><span style=\"font-weight: 400;\"> \ud83d\udc49 L\u2019architecture intrins\u00e8que des v\u00e9hicules \u00e9lectriques les rend souvent <\/span><b>plus durables et moins co\u00fbteux \u00e0 entretenir<\/b><span style=\"font-weight: 400;\"> que leurs homologues thermiques \u2014 un atout majeur dans une logique de <\/span><b>partage et d\u2019usage intensif<\/b><span style=\"font-weight: 400;\"> plut\u00f4t que de possession individuelle.<\/span><a href=\"https:\/\/glimtrix.com\/2025-ev-total-cost-ownership?utm_source=chatgpt.com\"><span style=\"font-weight: 400;\">\u00a0<\/span><\/a><\/p>\n<h2><b>Moins de pi\u00e8ces mobiles = moins d\u2019entretien<\/b><\/h2>\n<p><span style=\"font-weight: 400;\">La raison principale de cet avantage est simple : un v\u00e9hicule \u00e9lectrique a <\/span><b>beaucoup moins de pi\u00e8ces mobiles<\/b><span style=\"font-weight: 400;\"> qu\u2019un v\u00e9hicule thermique. Il n\u2019a ni :<\/span><\/p>\n<ul>\n<li style=\"font-weight: 400;\" aria-level=\"1\"><span style=\"font-weight: 400;\">courroies,<\/span><\/li>\n<li style=\"font-weight: 400;\" aria-level=\"1\"><span style=\"font-weight: 400;\">pistons,<\/span><\/li>\n<li style=\"font-weight: 400;\" aria-level=\"1\"><span style=\"font-weight: 400;\">bougies d\u2019allumage,<\/span><\/li>\n<li style=\"font-weight: 400;\" aria-level=\"1\"><span style=\"font-weight: 400;\">filtre \u00e0 huile,<\/span><\/li>\n<li style=\"font-weight: 400;\" aria-level=\"1\"><span style=\"font-weight: 400;\">bo\u00eete de vitesses m\u00e9canique complexe,<\/span><\/li>\n<\/ul>\n<p><span style=\"font-weight: 400;\">etc.<\/span><\/p>\n<p><span style=\"font-weight: 400;\">Cela signifie qu\u2019il n\u2019y a <\/span><b>pas de vidanges<\/b><span style=\"font-weight: 400;\">, ni de pi\u00e8ces d\u2019usure m\u00e9canique compliqu\u00e9es \u00e0 remplacer. Par cons\u00e9quent :<\/span><\/p>\n<ul>\n<li style=\"font-weight: 400;\" aria-level=\"1\"><span style=\"font-weight: 400;\">les visites au garage sont <\/span><b>moins fr\u00e9quentes<\/b><span style=\"font-weight: 400;\"> ;<\/span><\/li>\n<li style=\"font-weight: 400;\" aria-level=\"1\"><span style=\"font-weight: 400;\">les op\u00e9rations co\u00fbteuses li\u00e9es au moteur thermique disparaissent ;<\/span><\/li>\n<li style=\"font-weight: 400;\" aria-level=\"1\"><span style=\"font-weight: 400;\">certaines pi\u00e8ces, comme les freins, s\u2019usent <\/span><b>moins vite<\/b><span style=\"font-weight: 400;\"> gr\u00e2ce au freinage r\u00e9g\u00e9n\u00e9ratif.<\/span><\/li>\n<\/ul>\n<h2><b>Des co\u00fbts d\u2019exploitation g\u00e9n\u00e9ralement plus bas<\/b><\/h2>\n<p><span style=\"font-weight: 400;\">Plusieurs sources confirment que, pour un usage quotidien standard, les co\u00fbts li\u00e9s \u00e0 l\u2019entretien des v\u00e9hicules \u00e9lectriques sont <\/span><b>nettement plus bas<\/b><span style=\"font-weight: 400;\"> que ceux d\u2019un v\u00e9hicule thermique \u00e9quivalent.<\/span><\/p>\n<p><span style=\"font-weight: 400;\">Ce qui est particuli\u00e8rement int\u00e9ressant pour le car sharing, c\u2019est que <\/span><b>ces \u00e9conomies continuent m\u00eame quand le v\u00e9hicule est utilis\u00e9 intensivement<\/b><span style=\"font-weight: 400;\"> (par exemple plusieurs fois par jour par diff\u00e9rents utilisateurs).<\/span><\/p>\n<h2><b>Car sharing + VE : une combinaison logique<\/b><\/h2>\n<p><span style=\"font-weight: 400;\">Pour comprendre pourquoi ces caract\u00e9ristiques font sens dans une logique de car sharing, il faut consid\u00e9rer ce qu\u2019on attend d\u2019un v\u00e9hicule partag\u00e9 :<\/span><\/p>\n<h3><b>Utilisation vari\u00e9e, beaucoup de cycles de trajet<\/b><\/h3>\n<p><span style=\"font-weight: 400;\">Dans un mod\u00e8le de partage, un v\u00e9hicule est utilis\u00e9 plus fr\u00e9quemment, et par des conducteurs diff\u00e9rents, ce qui :<\/span><\/p>\n<ul>\n<li style=\"font-weight: 400;\" aria-level=\"1\"><span style=\"font-weight: 400;\">augmente la fr\u00e9quence des cycles de charge\/d\u00e9charge,<\/span><\/li>\n<li style=\"font-weight: 400;\" aria-level=\"1\"><span style=\"font-weight: 400;\">multiplie les d\u00e9marrages\/arr\u00eats urbains \u2014 un domaine o\u00f9 les v\u00e9hicules \u00e9lectriques excellent gr\u00e2ce \u00e0 leur couple instantan\u00e9.<\/span><\/li>\n<\/ul>\n<h3><b>Moins de maintenance lourde<\/b><\/h3>\n<p><span style=\"font-weight: 400;\">Un entretien plus simple signifie :<\/span><\/p>\n<ul>\n<li style=\"font-weight: 400;\" aria-level=\"1\"><span style=\"font-weight: 400;\">moins de temps immobilis\u00e9 pour r\u00e9parations,<\/span><\/li>\n<li style=\"font-weight: 400;\" aria-level=\"1\"><span style=\"font-weight: 400;\">moins de frais de maintenance surprises,<\/span><\/li>\n<li style=\"font-weight: 400;\" aria-level=\"1\"><span style=\"font-weight: 400;\">une disponibilit\u00e9 plus \u00e9lev\u00e9e pour les locataires.<\/span><\/li>\n<\/ul>\n<h3><b>Durabilit\u00e9 m\u00e9canique<\/b><\/h3>\n<p><span style=\"font-weight: 400;\">M\u00eame si les batteries ont une dur\u00e9e de vie finie, de nombreux composants cl\u00e9s \u2014 moteur, transmission, syst\u00e8me \u00e9lectrique \u2014 sont con\u00e7us pour durer tr\u00e8s longtemps, rendant l\u2019usage intensif <\/span><b>moins p\u00e9nalisant<\/b><span style=\"font-weight: 400;\"> qu\u2019avec un moteur thermique traditionnel.<\/span><\/p>\n<h2><b>EV et partage : un cercle vertueux<\/b><\/h2>\n<p><span style=\"font-weight: 400;\">Quand un v\u00e9hicule \u00e9lectrique est bien maintenu dans un syst\u00e8me de car sharing :<\/span><\/p>\n<ul>\n<li style=\"font-weight: 400;\" aria-level=\"1\"><span style=\"font-weight: 400;\">il passe <\/span><b>moins de temps au garage<\/b><span style=\"font-weight: 400;\"> ;<\/span><\/li>\n<li style=\"font-weight: 400;\" aria-level=\"1\"><span style=\"font-weight: 400;\">il g\u00e9n\u00e8re <\/span><b>plus de locations disponibles<\/b><span style=\"font-weight: 400;\"> ;<\/span><\/li>\n<li style=\"font-weight: 400;\" aria-level=\"1\"><span style=\"font-weight: 400;\">et il n\u00e9cessite <\/span><b>moins d\u2019interventions co\u00fbteuses<\/b><span style=\"font-weight: 400;\">.<\/span><\/li>\n<\/ul>\n<p><span style=\"font-weight: 400;\">Ce n\u2019est pas une proph\u00e9tie :\u00a0 c\u2019est une cons\u00e9quence directe de l\u2019architecture du v\u00e9hicule et de la fa\u00e7on dont il est utilis\u00e9 dans un mod\u00e8le partag\u00e9.<\/span><\/p>\n<h2><b>Conclusion \u2014 plus qu\u2019un simple avantage \u00e9cologique<\/b><\/h2>\n<p><span style=\"font-weight: 400;\">Les v\u00e9hicules \u00e9lectriques ne sont pas seulement plus propres :<\/span><\/p>\n<ul>\n<li><span style=\"font-weight: 400;\">ils sont <\/span><b>plus efficaces \u00e0 l\u2019usage<\/b><\/li>\n<li><span style=\"font-weight: 400;\">ils <\/span><b>s\u2019usent moins vite m\u00e9caniquement<\/b><\/li>\n<li><span style=\"font-weight: 400;\">ils <\/span><b>r\u00e9duisent les co\u00fbts et les interruptions d\u2019usage<\/b><\/li>\n<\/ul>\n<p><span style=\"font-weight: 400;\">Dans une \u00e9conomie o\u00f9 la possession devient moins importante que l\u2019acc\u00e8s pratique, l\u2019\u00e9lectrique n\u2019est pas seulement une alternative \u2014 c\u2019est <\/span><b>un acc\u00e9l\u00e9rateur logique du partage<\/b><span style=\"font-weight: 400;\">.<\/span><\/p>\n<p><span style=\"font-weight: 400;\">\ud83d\udc49 D\u00e8s lors, il est pertinent de se demander :<\/span><span style=\"font-weight: 400;\"><br \/>\n<\/span><span style=\"font-weight: 400;\"> si nous voulons vraiment maximiser l\u2019usage utile d\u2019un parc automobile, ne devrions-nous pas penser <\/span><b>d\u2019abord en termes de mobilit\u00e9 partag\u00e9e, plut\u00f4t que de propri\u00e9t\u00e9 individuelle<\/b><span style=\"font-weight: 400;\"> ?<\/span><\/p>\n","protected":false},"excerpt":{"rendered":"<p>Introduction \u2014 la mont\u00e9e des v\u00e9hicules \u00e9lectriques L\u2019\u00e9lectrification de l\u2019automobile n\u2019est plus un ph\u00e9nom\u00e8ne marginal : elle est en train de devenir la norme. Les ventes de voitures \u00e9lectriques continuent&#8230;<\/p>\n","protected":false},"author":14,"featured_media":1394,"comment_status":"closed","ping_status":"closed","sticky":true,"template":"","format":"gallery","meta":[],"categories":[1],"tags":[],"yoast_head":"<!-- This site is optimized with the Yoast SEO plugin v19.9 - https:\/\/yoast.com\/wordpress\/plugins\/seo\/ -->\n<title>Pourquoi les v\u00e9hicules \u00e9lectriques rendent le car sharing encore plus pertinent | 2EM car sharing<\/title>\n<meta name=\"description\" content=\"Les v\u00e9hicules \u00e9lectriques s\u2019imposent comme la norme. D\u00e9couvrez ce qui les rend plus durables, \u00e9conomiques et adapt\u00e9s \u00e0 la mobilit\u00e9 partag\u00e9e.\" \/>\n<meta name=\"robots\" content=\"index, follow, max-snippet:-1, max-image-preview:large, max-video-preview:-1\" \/>\n<link rel=\"canonical\" href=\"https:\/\/www.2em.ch\/blog\/pourquoi-les-vehicules-electriques-rendent-le-car-sharing-encore-plus-pertinent\/\" \/>\n<meta property=\"og:locale\" content=\"fr_FR\" \/>\n<meta property=\"og:type\" content=\"article\" \/>\n<meta property=\"og:title\" content=\"Pourquoi les v\u00e9hicules \u00e9lectriques rendent le car sharing encore plus pertinent | 2EM car sharing\" \/>\n<meta property=\"og:description\" content=\"Les v\u00e9hicules \u00e9lectriques s\u2019imposent comme la norme. D\u00e9couvrez ce qui les rend plus durables, \u00e9conomiques et adapt\u00e9s \u00e0 la mobilit\u00e9 partag\u00e9e.\" \/>\n<meta property=\"og:url\" content=\"https:\/\/www.2em.ch\/blog\/pourquoi-les-vehicules-electriques-rendent-le-car-sharing-encore-plus-pertinent\/\" \/>\n<meta property=\"og:site_name\" content=\"Blog\" \/>\n<meta property=\"article:published_time\" content=\"2026-01-14T10:27:29+00:00\" \/>\n<meta property=\"article:modified_time\" content=\"2026-03-16T15:40:50+00:00\" \/>\n<meta property=\"og:image\" content=\"https:\/\/www.2em.ch\/blog\/wp-content\/uploads\/2026\/01\/pexels-andersen-ev-1587213396-27355824.jpg\" \/>\n\t<meta property=\"og:image:width\" content=\"1920\" \/>\n\t<meta property=\"og:image:height\" content=\"1280\" \/>\n\t<meta property=\"og:image:type\" content=\"image\/jpeg\" \/>\n<meta name=\"author\" content=\"Yannick Barras\" \/>\n<meta name=\"twitter:card\" content=\"summary_large_image\" \/>\n<meta name=\"twitter:label1\" content=\"\u00c9crit par\" \/>\n\t<meta name=\"twitter:data1\" content=\"Yannick Barras\" \/>\n\t<meta name=\"twitter:label2\" content=\"Dur\u00e9e de lecture estim\u00e9e\" \/>\n\t<meta name=\"twitter:data2\" content=\"3 minutes\" \/>\n<script type=\"application\/ld+json\" class=\"yoast-schema-graph\">{\"@context\":\"https:\/\/schema.org\",\"@graph\":[{\"@type\":\"Article\",\"@id\":\"https:\/\/www.2em.ch\/blog\/pourquoi-les-vehicules-electriques-rendent-le-car-sharing-encore-plus-pertinent\/#article\",\"isPartOf\":{\"@id\":\"https:\/\/www.2em.ch\/blog\/pourquoi-les-vehicules-electriques-rendent-le-car-sharing-encore-plus-pertinent\/\"},\"author\":{\"name\":\"Yannick Barras\",\"@id\":\"https:\/\/www.2em.ch\/blog\/#\/schema\/person\/cf60d605212746d36579485fdeec6937\"},\"headline\":\"Pourquoi les v\u00e9hicules \u00e9lectriques rendent le car sharing encore plus pertinent\",\"datePublished\":\"2026-01-14T10:27:29+00:00\",\"dateModified\":\"2026-03-16T15:40:50+00:00\",\"mainEntityOfPage\":{\"@id\":\"https:\/\/www.2em.ch\/blog\/pourquoi-les-vehicules-electriques-rendent-le-car-sharing-encore-plus-pertinent\/\"},\"wordCount\":709,\"publisher\":{\"@id\":\"https:\/\/www.2em.ch\/blog\/#organization\"},\"articleSection\":[\"2EM Lifestyle\"],\"inLanguage\":\"fr-FR\"},{\"@type\":\"WebPage\",\"@id\":\"https:\/\/www.2em.ch\/blog\/pourquoi-les-vehicules-electriques-rendent-le-car-sharing-encore-plus-pertinent\/\",\"url\":\"https:\/\/www.2em.ch\/blog\/pourquoi-les-vehicules-electriques-rendent-le-car-sharing-encore-plus-pertinent\/\",\"name\":\"Pourquoi les v\u00e9hicules \u00e9lectriques rendent le car sharing encore plus pertinent | 2EM car sharing\",\"isPartOf\":{\"@id\":\"https:\/\/www.2em.ch\/blog\/#website\"},\"datePublished\":\"2026-01-14T10:27:29+00:00\",\"dateModified\":\"2026-03-16T15:40:50+00:00\",\"description\":\"Les v\u00e9hicules \u00e9lectriques s\u2019imposent comme la norme. D\u00e9couvrez ce qui les rend plus durables, \u00e9conomiques et adapt\u00e9s \u00e0 la mobilit\u00e9 partag\u00e9e.\",\"breadcrumb\":{\"@id\":\"https:\/\/www.2em.ch\/blog\/pourquoi-les-vehicules-electriques-rendent-le-car-sharing-encore-plus-pertinent\/#breadcrumb\"},\"inLanguage\":\"fr-FR\",\"potentialAction\":[{\"@type\":\"ReadAction\",\"target\":[\"https:\/\/www.2em.ch\/blog\/pourquoi-les-vehicules-electriques-rendent-le-car-sharing-encore-plus-pertinent\/\"]}]},{\"@type\":\"BreadcrumbList\",\"@id\":\"https:\/\/www.2em.ch\/blog\/pourquoi-les-vehicules-electriques-rendent-le-car-sharing-encore-plus-pertinent\/#breadcrumb\",\"itemListElement\":[{\"@type\":\"ListItem\",\"position\":1,\"name\":\"Blog carsharing\",\"item\":\"https:\/\/www.2em.ch\/blog\/\"},{\"@type\":\"ListItem\",\"position\":2,\"name\":\"Pourquoi les v\u00e9hicules \u00e9lectriques rendent le car sharing encore plus pertinent\"}]},{\"@type\":\"WebSite\",\"@id\":\"https:\/\/www.2em.ch\/blog\/#website\",\"url\":\"https:\/\/www.2em.ch\/blog\/\",\"name\":\"Blog\",\"description\":\"Plateforme Suisse d&#039;autopartage\",\"publisher\":{\"@id\":\"https:\/\/www.2em.ch\/blog\/#organization\"},\"potentialAction\":[{\"@type\":\"SearchAction\",\"target\":{\"@type\":\"EntryPoint\",\"urlTemplate\":\"https:\/\/www.2em.ch\/blog\/?s={search_term_string}\"},\"query-input\":\"required name=search_term_string\"}],\"inLanguage\":\"fr-FR\"},{\"@type\":\"Organization\",\"@id\":\"https:\/\/www.2em.ch\/blog\/#organization\",\"name\":\"Blog\",\"url\":\"https:\/\/www.2em.ch\/blog\/\",\"logo\":{\"@type\":\"ImageObject\",\"inLanguage\":\"fr-FR\",\"@id\":\"https:\/\/www.2em.ch\/blog\/#\/schema\/logo\/image\/\",\"url\":\"https:\/\/www.2em.ch\/blog\/wp-content\/uploads\/2020\/04\/cropped-logo-e1570472900624.jpg\",\"contentUrl\":\"https:\/\/www.2em.ch\/blog\/wp-content\/uploads\/2020\/04\/cropped-logo-e1570472900624.jpg\",\"width\":240,\"height\":64,\"caption\":\"Blog\"},\"image\":{\"@id\":\"https:\/\/www.2em.ch\/blog\/#\/schema\/logo\/image\/\"}},{\"@type\":\"Person\",\"@id\":\"https:\/\/www.2em.ch\/blog\/#\/schema\/person\/cf60d605212746d36579485fdeec6937\",\"name\":\"Yannick Barras\",\"image\":{\"@type\":\"ImageObject\",\"inLanguage\":\"fr-FR\",\"@id\":\"https:\/\/www.2em.ch\/blog\/#\/schema\/person\/image\/\",\"url\":\"https:\/\/secure.gravatar.com\/avatar\/690f63f7978a19ad09deb4ddf7c1abc7?s=96&d=blank&r=g\",\"contentUrl\":\"https:\/\/secure.gravatar.com\/avatar\/690f63f7978a19ad09deb4ddf7c1abc7?s=96&d=blank&r=g\",\"caption\":\"Yannick Barras\"}}]}<\/script>\n<!-- \/ Yoast SEO plugin. -->","yoast_head_json":{"title":"Pourquoi les v\u00e9hicules \u00e9lectriques rendent le car sharing encore plus pertinent | 2EM car sharing","description":"Les v\u00e9hicules \u00e9lectriques s\u2019imposent comme la norme. D\u00e9couvrez ce qui les rend plus durables, \u00e9conomiques et adapt\u00e9s \u00e0 la mobilit\u00e9 partag\u00e9e.","robots":{"index":"index","follow":"follow","max-snippet":"max-snippet:-1","max-image-preview":"max-image-preview:large","max-video-preview":"max-video-preview:-1"},"canonical":"https:\/\/www.2em.ch\/blog\/pourquoi-les-vehicules-electriques-rendent-le-car-sharing-encore-plus-pertinent\/","og_locale":"fr_FR","og_type":"article","og_title":"Pourquoi les v\u00e9hicules \u00e9lectriques rendent le car sharing encore plus pertinent | 2EM car sharing","og_description":"Les v\u00e9hicules \u00e9lectriques s\u2019imposent comme la norme. D\u00e9couvrez ce qui les rend plus durables, \u00e9conomiques et adapt\u00e9s \u00e0 la mobilit\u00e9 partag\u00e9e.","og_url":"https:\/\/www.2em.ch\/blog\/pourquoi-les-vehicules-electriques-rendent-le-car-sharing-encore-plus-pertinent\/","og_site_name":"Blog","article_published_time":"2026-01-14T10:27:29+00:00","article_modified_time":"2026-03-16T15:40:50+00:00","og_image":[{"width":1920,"height":1280,"url":"https:\/\/www.2em.ch\/blog\/wp-content\/uploads\/2026\/01\/pexels-andersen-ev-1587213396-27355824.jpg","type":"image\/jpeg"}],"author":"Yannick Barras","twitter_card":"summary_large_image","twitter_misc":{"\u00c9crit par":"Yannick Barras","Dur\u00e9e de lecture estim\u00e9e":"3 minutes"},"schema":{"@context":"https:\/\/schema.org","@graph":[{"@type":"Article","@id":"https:\/\/www.2em.ch\/blog\/pourquoi-les-vehicules-electriques-rendent-le-car-sharing-encore-plus-pertinent\/#article","isPartOf":{"@id":"https:\/\/www.2em.ch\/blog\/pourquoi-les-vehicules-electriques-rendent-le-car-sharing-encore-plus-pertinent\/"},"author":{"name":"Yannick Barras","@id":"https:\/\/www.2em.ch\/blog\/#\/schema\/person\/cf60d605212746d36579485fdeec6937"},"headline":"Pourquoi les v\u00e9hicules \u00e9lectriques rendent le car sharing encore plus pertinent","datePublished":"2026-01-14T10:27:29+00:00","dateModified":"2026-03-16T15:40:50+00:00","mainEntityOfPage":{"@id":"https:\/\/www.2em.ch\/blog\/pourquoi-les-vehicules-electriques-rendent-le-car-sharing-encore-plus-pertinent\/"},"wordCount":709,"publisher":{"@id":"https:\/\/www.2em.ch\/blog\/#organization"},"articleSection":["2EM Lifestyle"],"inLanguage":"fr-FR"},{"@type":"WebPage","@id":"https:\/\/www.2em.ch\/blog\/pourquoi-les-vehicules-electriques-rendent-le-car-sharing-encore-plus-pertinent\/","url":"https:\/\/www.2em.ch\/blog\/pourquoi-les-vehicules-electriques-rendent-le-car-sharing-encore-plus-pertinent\/","name":"Pourquoi les v\u00e9hicules \u00e9lectriques rendent le car sharing encore plus pertinent | 2EM car sharing","isPartOf":{"@id":"https:\/\/www.2em.ch\/blog\/#website"},"datePublished":"2026-01-14T10:27:29+00:00","dateModified":"2026-03-16T15:40:50+00:00","description":"Les v\u00e9hicules \u00e9lectriques s\u2019imposent comme la norme. D\u00e9couvrez ce qui les rend plus durables, \u00e9conomiques et adapt\u00e9s \u00e0 la mobilit\u00e9 partag\u00e9e.","breadcrumb":{"@id":"https:\/\/www.2em.ch\/blog\/pourquoi-les-vehicules-electriques-rendent-le-car-sharing-encore-plus-pertinent\/#breadcrumb"},"inLanguage":"fr-FR","potentialAction":[{"@type":"ReadAction","target":["https:\/\/www.2em.ch\/blog\/pourquoi-les-vehicules-electriques-rendent-le-car-sharing-encore-plus-pertinent\/"]}]},{"@type":"BreadcrumbList","@id":"https:\/\/www.2em.ch\/blog\/pourquoi-les-vehicules-electriques-rendent-le-car-sharing-encore-plus-pertinent\/#breadcrumb","itemListElement":[{"@type":"ListItem","position":1,"name":"Blog carsharing","item":"https:\/\/www.2em.ch\/blog\/"},{"@type":"ListItem","position":2,"name":"Pourquoi les v\u00e9hicules \u00e9lectriques rendent le car sharing encore plus pertinent"}]},{"@type":"WebSite","@id":"https:\/\/www.2em.ch\/blog\/#website","url":"https:\/\/www.2em.ch\/blog\/","name":"Blog","description":"Plateforme Suisse d&#039;autopartage","publisher":{"@id":"https:\/\/www.2em.ch\/blog\/#organization"},"potentialAction":[{"@type":"SearchAction","target":{"@type":"EntryPoint","urlTemplate":"https:\/\/www.2em.ch\/blog\/?s={search_term_string}"},"query-input":"required name=search_term_string"}],"inLanguage":"fr-FR"},{"@type":"Organization","@id":"https:\/\/www.2em.ch\/blog\/#organization","name":"Blog","url":"https:\/\/www.2em.ch\/blog\/","logo":{"@type":"ImageObject","inLanguage":"fr-FR","@id":"https:\/\/www.2em.ch\/blog\/#\/schema\/logo\/image\/","url":"https:\/\/www.2em.ch\/blog\/wp-content\/uploads\/2020\/04\/cropped-logo-e1570472900624.jpg","contentUrl":"https:\/\/www.2em.ch\/blog\/wp-content\/uploads\/2020\/04\/cropped-logo-e1570472900624.jpg","width":240,"height":64,"caption":"Blog"},"image":{"@id":"https:\/\/www.2em.ch\/blog\/#\/schema\/logo\/image\/"}},{"@type":"Person","@id":"https:\/\/www.2em.ch\/blog\/#\/schema\/person\/cf60d605212746d36579485fdeec6937","name":"Yannick Barras","image":{"@type":"ImageObject","inLanguage":"fr-FR","@id":"https:\/\/www.2em.ch\/blog\/#\/schema\/person\/image\/","url":"https:\/\/secure.gravatar.com\/avatar\/690f63f7978a19ad09deb4ddf7c1abc7?s=96&d=blank&r=g","contentUrl":"https:\/\/secure.gravatar.com\/avatar\/690f63f7978a19ad09deb4ddf7c1abc7?s=96&d=blank&r=g","caption":"Yannick Barras"}}]}},"_links":{"self":[{"href":"https:\/\/www.2em.ch\/blog\/wp-json\/wp\/v2\/posts\/1392"}],"collection":[{"href":"https:\/\/www.2em.ch\/blog\/wp-json\/wp\/v2\/posts"}],"about":[{"href":"https:\/\/www.2em.ch\/blog\/wp-json\/wp\/v2\/types\/post"}],"author":[{"embeddable":true,"href":"https:\/\/www.2em.ch\/blog\/wp-json\/wp\/v2\/users\/14"}],"replies":[{"embeddable":true,"href":"https:\/\/www.2em.ch\/blog\/wp-json\/wp\/v2\/comments?post=1392"}],"version-history":[{"count":3,"href":"https:\/\/www.2em.ch\/blog\/wp-json\/wp\/v2\/posts\/1392\/revisions"}],"predecessor-version":[{"id":1405,"href":"https:\/\/www.2em.ch\/blog\/wp-json\/wp\/v2\/posts\/1392\/revisions\/1405"}],"wp:featuredmedia":[{"embeddable":true,"href":"https:\/\/www.2em.ch\/blog\/wp-json\/wp\/v2\/media\/1394"}],"wp:attachment":[{"href":"https:\/\/www.2em.ch\/blog\/wp-json\/wp\/v2\/media?parent=1392"}],"wp:term":[{"taxonomy":"category","embeddable":true,"href":"https:\/\/www.2em.ch\/blog\/wp-json\/wp\/v2\/categories?post=1392"},{"taxonomy":"post_tag","embeddable":true,"href":"https:\/\/www.2em.ch\/blog\/wp-json\/wp\/v2\/tags?post=1392"}],"curies":[{"name":"wp","href":"https:\/\/api.w.org\/{rel}","templated":true}]}}