{"id":1326,"date":"2025-03-31T16:07:13","date_gmt":"2025-03-31T14:07:13","guid":{"rendered":"https:\/\/www.2em.ch\/blog\/?p=1326"},"modified":"2025-03-31T16:08:10","modified_gmt":"2025-03-31T14:08:10","slug":"vers-une-economie-decentralisee-quand-les-particuliers-reprennent-la-main","status":"publish","type":"post","link":"https:\/\/www.2em.ch\/blog\/vers-une-economie-decentralisee-quand-les-particuliers-reprennent-la-main\/","title":{"rendered":"Vers une \u00e9conomie d\u00e9centralis\u00e9e : quand les particuliers reprennent la main"},"content":{"rendered":"<p><span style=\"font-weight: 400;\">Depuis quelques ann\u00e9es, un mouvement de fond transforme nos \u00e9conomies : la d\u00e9centralisation. Derri\u00e8re ce mot un peu technique se cache une r\u00e9alit\u00e9 simple et puissante : le pouvoir de produire, de consommer, de partager et d\u2019\u00e9changer ne se concentre plus uniquement entre les mains de grandes entreprises. Il se diffuse peu \u00e0 peu vers les citoyens eux-m\u00eames. L\u2019\u00e9conomie d\u00e9centralis\u00e9e, c\u2019est cette tendance o\u00f9 les particuliers prennent une place active dans des secteurs historiquement domin\u00e9s par des mod\u00e8les centralis\u00e9s. Et cette r\u00e9volution silencieuse touche aujourd\u2019hui tous les domaines, de l\u2019\u00e9nergie \u00e0 la mobilit\u00e9.<\/span><\/p>\n<h2><b>L\u2019\u00e9nergie : du monopole \u00e0 l\u2019autoproduction<\/b><\/h2>\n<figure id=\"attachment_1330\" aria-describedby=\"caption-attachment-1330\" style=\"width: 940px\" class=\"wp-caption alignnone\"><img loading=\"lazy\" class=\"wp-image-1330 size-large\" src=\"https:\/\/www.2em.ch\/blog\/wp-content\/uploads\/2025\/03\/Solar-Panels-on-Terracotta-Roof-1024x771.jpeg\" alt=\"\u00c9conomie d\u00e9centralis\u00e9e\" width=\"940\" height=\"708\" srcset=\"https:\/\/www.2em.ch\/blog\/wp-content\/uploads\/2025\/03\/Solar-Panels-on-Terracotta-Roof-1024x771.jpeg 1024w, https:\/\/www.2em.ch\/blog\/wp-content\/uploads\/2025\/03\/Solar-Panels-on-Terracotta-Roof-300x226.jpeg 300w, https:\/\/www.2em.ch\/blog\/wp-content\/uploads\/2025\/03\/Solar-Panels-on-Terracotta-Roof-768x579.jpeg 768w, https:\/\/www.2em.ch\/blog\/wp-content\/uploads\/2025\/03\/Solar-Panels-on-Terracotta-Roof.jpeg 1200w\" sizes=\"(max-width: 940px) 100vw, 940px\" \/><figcaption id=\"caption-attachment-1330\" class=\"wp-caption-text\">Les toitures se couvrent de panneaux solaires, les particuliers deviennent producteurs, voire fournisseurs gr\u00e2ce \u00e0 l\u2019injection de leur surplus dans le r\u00e9seau.<\/figcaption><\/figure>\n<p><span style=\"font-weight: 400;\">Le secteur de l\u2019\u00e9nergie illustre parfaitement ce virage. L\u00e0 o\u00f9 l\u2019\u00e9lectricit\u00e9 \u00e9tait autrefois exclusivement produite par de grands groupes et redistribu\u00e9e via un r\u00e9seau centralis\u00e9, on observe aujourd\u2019hui une mont\u00e9e en puissance des <\/span><b>producteurs individuels<\/b><span style=\"font-weight: 400;\">. Les toitures se couvrent de <\/span><b>panneaux solaires<\/b><span style=\"font-weight: 400;\">, les particuliers deviennent producteurs, voire fournisseurs gr\u00e2ce \u00e0 l\u2019injection de leur surplus dans le r\u00e9seau. Cette autonomie \u00e9nerg\u00e9tique, facilit\u00e9e par les avanc\u00e9es technologiques, red\u00e9finit notre rapport \u00e0 la consommation : plus locale, plus durable, plus libre.<\/span><\/p>\n<h2><b>L\u2019h\u00f4tellerie, la finance\u2026 et bien d\u2019autres secteurs<\/b><\/h2>\n<p><span style=\"font-weight: 400;\">Cette logique de d\u00e9centralisation ne s\u2019arr\u00eate pas l\u00e0. L\u2019h\u00f4tellerie a \u00e9t\u00e9 bouscul\u00e9e par des plateformes o\u00f9 chacun peut <\/span><b>louer une chambre ou un logement<\/b><span style=\"font-weight: 400;\">, transformant les particuliers en h\u00f4tes professionnels. La finance aussi \u00e9volue avec des syst\u00e8mes de <\/span><b>pr\u00eat entre particuliers<\/b><span style=\"font-weight: 400;\"> ou les cryptomonnaies, qui remettent en question le r\u00f4le des banques. M\u00eame la production de biens s\u2019ouvre au <\/span><b>fait-maison<\/b><span style=\"font-weight: 400;\">, \u00e0 l\u2019artisanat local, et aux circuits courts.<\/span><\/p>\n<p><span style=\"font-weight: 400;\">Ces transformations ne sont pas anecdotiques. Elles montrent un changement de paradigme profond : <\/span><b>la confiance remplace la structure, la flexibilit\u00e9 remplace la rigidit\u00e9<\/b><span style=\"font-weight: 400;\">, et <\/span><b>l\u2019humain reprend le contr\u00f4le<\/b><span style=\"font-weight: 400;\"> sur ce qu\u2019il consomme\u2026 ou propose.<\/span><\/p>\n<h2><b>Et la mobilit\u00e9 dans tout \u00e7a ? Place au car sharing entre particuliers<\/b><\/h2>\n<p><span style=\"font-weight: 400;\">Dans le secteur de la mobilit\u00e9, ce changement est tout aussi marquant. Pendant longtemps, pour louer une voiture, il fallait passer par une agence classique, avec ses horaires, ses files d\u2019attente, ses formalit\u00e9s. Aujourd\u2019hui, le <\/span><b>car sharing entre particuliers<\/b><span style=\"font-weight: 400;\"> bouscule ces habitudes.<\/span><\/p>\n<p><span style=\"font-weight: 400;\">Avec des plateformes comme <\/span><b>2EM<\/b><span style=\"font-weight: 400;\">, les propri\u00e9taires de v\u00e9hicules peuvent les proposer \u00e0 la location quand ils ne les utilisent pas. Les locataires, de leur c\u00f4t\u00e9, profitent de <\/span><b>plus de flexibilit\u00e9, de proximit\u00e9, et souvent de meilleurs tarifs<\/b><span style=\"font-weight: 400;\">. Cette forme de location rend la voiture disponible l\u00e0 o\u00f9 elle est vraiment utile : <\/span><b>dans les quartiers, les villages, les p\u00e9riph\u00e9ries<\/b><span style=\"font-weight: 400;\">, l\u00e0 o\u00f9 les agences traditionnelles ne sont pas pr\u00e9sentes.<\/span><\/p>\n<figure id=\"attachment_1331\" aria-describedby=\"caption-attachment-1331\" style=\"width: 940px\" class=\"wp-caption alignnone\"><img loading=\"lazy\" class=\"size-large wp-image-1331\" src=\"https:\/\/www.2em.ch\/blog\/wp-content\/uploads\/2025\/03\/Tranquil-Suburban-Morning-1024x683.jpeg\" alt=\"Quartier r\u00e9sidentiel avec voiture stationn\u00e9e\" width=\"940\" height=\"627\" srcset=\"https:\/\/www.2em.ch\/blog\/wp-content\/uploads\/2025\/03\/Tranquil-Suburban-Morning-1024x683.jpeg 1024w, https:\/\/www.2em.ch\/blog\/wp-content\/uploads\/2025\/03\/Tranquil-Suburban-Morning-300x200.jpeg 300w, https:\/\/www.2em.ch\/blog\/wp-content\/uploads\/2025\/03\/Tranquil-Suburban-Morning-768x512.jpeg 768w, https:\/\/www.2em.ch\/blog\/wp-content\/uploads\/2025\/03\/Tranquil-Suburban-Morning-500x333.jpeg 500w, https:\/\/www.2em.ch\/blog\/wp-content\/uploads\/2025\/03\/Tranquil-Suburban-Morning.jpeg 1200w\" sizes=\"(max-width: 940px) 100vw, 940px\" \/><figcaption id=\"caption-attachment-1331\" class=\"wp-caption-text\">L&rsquo;autopartage rend la voiture disponible l\u00e0 o\u00f9 elle est vraiment utile : dans les quartiers, les villages, les p\u00e9riph\u00e9ries.<\/figcaption><\/figure>\n<h2><b>Les avantages d\u2019une \u00e9conomie d\u00e9centralis\u00e9e appliqu\u00e9e \u00e0 la mobilit\u00e9<\/b><\/h2>\n<figure id=\"attachment_1332\" aria-describedby=\"caption-attachment-1332\" style=\"width: 200px\" class=\"wp-caption alignright\"><img loading=\"lazy\" class=\"wp-image-1332 size-medium\" src=\"https:\/\/www.2em.ch\/blog\/wp-content\/uploads\/2025\/03\/ChatGPT-Image-31-mars-2025-09_24_14-200x300.png\" alt=\"1 voiture partag\u00e9e = 10 voitures priv\u00e9es\" width=\"200\" height=\"300\" srcset=\"https:\/\/www.2em.ch\/blog\/wp-content\/uploads\/2025\/03\/ChatGPT-Image-31-mars-2025-09_24_14-200x300.png 200w, https:\/\/www.2em.ch\/blog\/wp-content\/uploads\/2025\/03\/ChatGPT-Image-31-mars-2025-09_24_14-683x1024.png 683w, https:\/\/www.2em.ch\/blog\/wp-content\/uploads\/2025\/03\/ChatGPT-Image-31-mars-2025-09_24_14-768x1152.png 768w, https:\/\/www.2em.ch\/blog\/wp-content\/uploads\/2025\/03\/ChatGPT-Image-31-mars-2025-09_24_14.png 1024w\" sizes=\"(max-width: 200px) 100vw, 200px\" \/><figcaption id=\"caption-attachment-1332\" class=\"wp-caption-text\">1 voiture partag\u00e9e = 10 voitures priv\u00e9es<\/figcaption><\/figure>\n<p><span style=\"font-weight: 400;\">Adopter un mod\u00e8le de car sharing entre particuliers, c\u2019est profiter de tous les avantages de l\u2019\u00e9conomie d\u00e9centralis\u00e9e :<\/span><\/p>\n<ul>\n<li style=\"font-weight: 400;\" aria-level=\"1\"><b>Optimisation des ressources<\/b><span style=\"font-weight: 400;\"> : une voiture qui roule peu devient un actif rentable.<br \/>\n<\/span><\/li>\n<li aria-level=\"1\"><b>D\u00e9mocratisation de la mobilit\u00e9<\/b><span style=\"font-weight: 400;\"> : tout le monde peut proposer ou acc\u00e9der \u00e0 un v\u00e9hicule.<\/span><\/li>\n<li style=\"font-weight: 400;\" aria-level=\"1\"><b>Moins d\u2019infrastructure, plus de libert\u00e9<\/b><span style=\"font-weight: 400;\"><span style=\"font-weight: 400;\"> : pas besoin de passer par un guichet, tout se fait en ligne, de mani\u00e8re fluide.<\/span><\/span>&nbsp;<\/li>\n<li style=\"font-weight: 400;\" aria-level=\"1\"><b>Ancrage local<\/b><span style=\"font-weight: 400;\"><span style=\"font-weight: 400;\"> : les v\u00e9hicules sont l\u00e0 o\u00f9 vivent les gens, pas uniquement dans les grandes villes ou les a\u00e9roports.<\/span><\/span>&nbsp;<\/li>\n<li style=\"font-weight: 400;\" aria-level=\"1\"><b>R\u00e9duction de l\u2019empreinte \u00e9cologique<\/b><span style=\"font-weight: 400;\"> : moins de voitures inutilis\u00e9es, plus d\u2019usage partag\u00e9.<\/span><\/li>\n<\/ul>\n<h2><b>Un avenir entre nos mains<\/b><\/h2>\n<p><span style=\"font-weight: 400;\">L\u2019\u00e9conomie d\u00e9centralis\u00e9e ne signifie pas chaos ou d\u00e9sorganisation. Elle repose sur <\/span><b>la technologie, la confiance et la collaboration<\/b><span style=\"font-weight: 400;\">. Elle redonne de la valeur aux individus, \u00e0 l\u2019\u00e9chelle humaine. En mati\u00e8re de mobilit\u00e9, elle offre une alternative concr\u00e8te et durable \u00e0 la possession individuelle ou aux mod\u00e8les traditionnels.<\/span><\/p>\n<p><span style=\"font-weight: 400;\">Chez <\/span><b>2EM<\/b><span style=\"font-weight: 400;\">, nous croyons \u00e0 ce mod\u00e8le. Nous le faisons vivre chaque jour avec notre communaut\u00e9 de propri\u00e9taires et de locataires qui, ensemble, r\u00e9inventent la mani\u00e8re de se d\u00e9placer.<\/span><\/p>\n<p><span style=\"font-weight: 400;\">Le futur ne sera pas forc\u00e9ment centralis\u00e9. Il sera <\/span><b>partag\u00e9, local, et intelligent<\/b><span style=\"font-weight: 400;\">.<\/span><\/p>\n<p><a href=\"http:\/\/www.2em.ch\">www.2em.ch<\/a><\/p>\n","protected":false},"excerpt":{"rendered":"<p>Depuis quelques ann\u00e9es, un mouvement de fond transforme nos \u00e9conomies : la d\u00e9centralisation. Derri\u00e8re ce mot un peu technique se cache une r\u00e9alit\u00e9 simple et puissante : le pouvoir de&#8230;<\/p>\n","protected":false},"author":14,"featured_media":1331,"comment_status":"closed","ping_status":"closed","sticky":false,"template":"","format":"gallery","meta":[],"categories":[1],"tags":[],"yoast_head":"<!-- This site is optimized with the Yoast SEO plugin v19.9 - https:\/\/yoast.com\/wordpress\/plugins\/seo\/ -->\n<title>\u00c9conomie d\u00e9centralis\u00e9e | 2EM car sharing<\/title>\n<meta name=\"description\" content=\"D\u00e9centralisation : le pouvoir de produire, de consommer, de partager et d\u2019\u00e9changer n&#039;est plus uniquement l&#039;apanage des grandes entreprises.\" \/>\n<meta name=\"robots\" content=\"index, follow, max-snippet:-1, max-image-preview:large, max-video-preview:-1\" \/>\n<link rel=\"canonical\" href=\"https:\/\/www.2em.ch\/blog\/vers-une-economie-decentralisee-quand-les-particuliers-reprennent-la-main\/\" \/>\n<meta property=\"og:locale\" content=\"fr_FR\" \/>\n<meta property=\"og:type\" content=\"article\" \/>\n<meta property=\"og:title\" content=\"\u00c9conomie d\u00e9centralis\u00e9e | 2EM car sharing\" \/>\n<meta property=\"og:description\" content=\"D\u00e9centralisation : le pouvoir de produire, de consommer, de partager et d\u2019\u00e9changer n&#039;est plus uniquement l&#039;apanage des grandes entreprises.\" \/>\n<meta property=\"og:url\" content=\"https:\/\/www.2em.ch\/blog\/vers-une-economie-decentralisee-quand-les-particuliers-reprennent-la-main\/\" \/>\n<meta property=\"og:site_name\" content=\"Blog\" \/>\n<meta property=\"article:published_time\" content=\"2025-03-31T14:07:13+00:00\" \/>\n<meta property=\"article:modified_time\" content=\"2025-03-31T14:08:10+00:00\" \/>\n<meta property=\"og:image\" content=\"https:\/\/www.2em.ch\/blog\/wp-content\/uploads\/2025\/03\/Tranquil-Suburban-Morning.jpeg\" \/>\n\t<meta property=\"og:image:width\" content=\"1200\" \/>\n\t<meta property=\"og:image:height\" content=\"800\" \/>\n\t<meta property=\"og:image:type\" content=\"image\/jpeg\" \/>\n<meta name=\"author\" content=\"Yannick Barras\" \/>\n<meta name=\"twitter:card\" content=\"summary_large_image\" \/>\n<meta name=\"twitter:label1\" content=\"\u00c9crit par\" \/>\n\t<meta name=\"twitter:data1\" content=\"Yannick Barras\" \/>\n\t<meta name=\"twitter:label2\" content=\"Dur\u00e9e de lecture estim\u00e9e\" \/>\n\t<meta name=\"twitter:data2\" content=\"4 minutes\" \/>\n<script type=\"application\/ld+json\" class=\"yoast-schema-graph\">{\"@context\":\"https:\/\/schema.org\",\"@graph\":[{\"@type\":\"Article\",\"@id\":\"https:\/\/www.2em.ch\/blog\/vers-une-economie-decentralisee-quand-les-particuliers-reprennent-la-main\/#article\",\"isPartOf\":{\"@id\":\"https:\/\/www.2em.ch\/blog\/vers-une-economie-decentralisee-quand-les-particuliers-reprennent-la-main\/\"},\"author\":{\"name\":\"Yannick Barras\",\"@id\":\"https:\/\/www.2em.ch\/blog\/#\/schema\/person\/cf60d605212746d36579485fdeec6937\"},\"headline\":\"Vers une \u00e9conomie d\u00e9centralis\u00e9e : quand les particuliers reprennent la main\",\"datePublished\":\"2025-03-31T14:07:13+00:00\",\"dateModified\":\"2025-03-31T14:08:10+00:00\",\"mainEntityOfPage\":{\"@id\":\"https:\/\/www.2em.ch\/blog\/vers-une-economie-decentralisee-quand-les-particuliers-reprennent-la-main\/\"},\"wordCount\":768,\"publisher\":{\"@id\":\"https:\/\/www.2em.ch\/blog\/#organization\"},\"articleSection\":[\"2EM Lifestyle\"],\"inLanguage\":\"fr-FR\"},{\"@type\":\"WebPage\",\"@id\":\"https:\/\/www.2em.ch\/blog\/vers-une-economie-decentralisee-quand-les-particuliers-reprennent-la-main\/\",\"url\":\"https:\/\/www.2em.ch\/blog\/vers-une-economie-decentralisee-quand-les-particuliers-reprennent-la-main\/\",\"name\":\"\u00c9conomie d\u00e9centralis\u00e9e | 2EM car sharing\",\"isPartOf\":{\"@id\":\"https:\/\/www.2em.ch\/blog\/#website\"},\"datePublished\":\"2025-03-31T14:07:13+00:00\",\"dateModified\":\"2025-03-31T14:08:10+00:00\",\"description\":\"D\u00e9centralisation : le pouvoir de produire, de consommer, de partager et d\u2019\u00e9changer n'est plus uniquement l'apanage des grandes entreprises.\",\"breadcrumb\":{\"@id\":\"https:\/\/www.2em.ch\/blog\/vers-une-economie-decentralisee-quand-les-particuliers-reprennent-la-main\/#breadcrumb\"},\"inLanguage\":\"fr-FR\",\"potentialAction\":[{\"@type\":\"ReadAction\",\"target\":[\"https:\/\/www.2em.ch\/blog\/vers-une-economie-decentralisee-quand-les-particuliers-reprennent-la-main\/\"]}]},{\"@type\":\"BreadcrumbList\",\"@id\":\"https:\/\/www.2em.ch\/blog\/vers-une-economie-decentralisee-quand-les-particuliers-reprennent-la-main\/#breadcrumb\",\"itemListElement\":[{\"@type\":\"ListItem\",\"position\":1,\"name\":\"Blog carsharing\",\"item\":\"https:\/\/www.2em.ch\/blog\/\"},{\"@type\":\"ListItem\",\"position\":2,\"name\":\"Vers une \u00e9conomie d\u00e9centralis\u00e9e : quand les particuliers reprennent la main\"}]},{\"@type\":\"WebSite\",\"@id\":\"https:\/\/www.2em.ch\/blog\/#website\",\"url\":\"https:\/\/www.2em.ch\/blog\/\",\"name\":\"Blog\",\"description\":\"Plateforme Suisse d&#039;autopartage\",\"publisher\":{\"@id\":\"https:\/\/www.2em.ch\/blog\/#organization\"},\"potentialAction\":[{\"@type\":\"SearchAction\",\"target\":{\"@type\":\"EntryPoint\",\"urlTemplate\":\"https:\/\/www.2em.ch\/blog\/?s={search_term_string}\"},\"query-input\":\"required name=search_term_string\"}],\"inLanguage\":\"fr-FR\"},{\"@type\":\"Organization\",\"@id\":\"https:\/\/www.2em.ch\/blog\/#organization\",\"name\":\"Blog\",\"url\":\"https:\/\/www.2em.ch\/blog\/\",\"logo\":{\"@type\":\"ImageObject\",\"inLanguage\":\"fr-FR\",\"@id\":\"https:\/\/www.2em.ch\/blog\/#\/schema\/logo\/image\/\",\"url\":\"https:\/\/www.2em.ch\/blog\/wp-content\/uploads\/2020\/04\/cropped-logo-e1570472900624.jpg\",\"contentUrl\":\"https:\/\/www.2em.ch\/blog\/wp-content\/uploads\/2020\/04\/cropped-logo-e1570472900624.jpg\",\"width\":240,\"height\":64,\"caption\":\"Blog\"},\"image\":{\"@id\":\"https:\/\/www.2em.ch\/blog\/#\/schema\/logo\/image\/\"}},{\"@type\":\"Person\",\"@id\":\"https:\/\/www.2em.ch\/blog\/#\/schema\/person\/cf60d605212746d36579485fdeec6937\",\"name\":\"Yannick Barras\",\"image\":{\"@type\":\"ImageObject\",\"inLanguage\":\"fr-FR\",\"@id\":\"https:\/\/www.2em.ch\/blog\/#\/schema\/person\/image\/\",\"url\":\"https:\/\/secure.gravatar.com\/avatar\/690f63f7978a19ad09deb4ddf7c1abc7?s=96&d=blank&r=g\",\"contentUrl\":\"https:\/\/secure.gravatar.com\/avatar\/690f63f7978a19ad09deb4ddf7c1abc7?s=96&d=blank&r=g\",\"caption\":\"Yannick Barras\"}}]}<\/script>\n<!-- \/ Yoast SEO plugin. -->","yoast_head_json":{"title":"\u00c9conomie d\u00e9centralis\u00e9e | 2EM car sharing","description":"D\u00e9centralisation : le pouvoir de produire, de consommer, de partager et d\u2019\u00e9changer n'est plus uniquement l'apanage des grandes entreprises.","robots":{"index":"index","follow":"follow","max-snippet":"max-snippet:-1","max-image-preview":"max-image-preview:large","max-video-preview":"max-video-preview:-1"},"canonical":"https:\/\/www.2em.ch\/blog\/vers-une-economie-decentralisee-quand-les-particuliers-reprennent-la-main\/","og_locale":"fr_FR","og_type":"article","og_title":"\u00c9conomie d\u00e9centralis\u00e9e | 2EM car sharing","og_description":"D\u00e9centralisation : le pouvoir de produire, de consommer, de partager et d\u2019\u00e9changer n'est plus uniquement l'apanage des grandes entreprises.","og_url":"https:\/\/www.2em.ch\/blog\/vers-une-economie-decentralisee-quand-les-particuliers-reprennent-la-main\/","og_site_name":"Blog","article_published_time":"2025-03-31T14:07:13+00:00","article_modified_time":"2025-03-31T14:08:10+00:00","og_image":[{"width":1200,"height":800,"url":"https:\/\/www.2em.ch\/blog\/wp-content\/uploads\/2025\/03\/Tranquil-Suburban-Morning.jpeg","type":"image\/jpeg"}],"author":"Yannick Barras","twitter_card":"summary_large_image","twitter_misc":{"\u00c9crit par":"Yannick Barras","Dur\u00e9e de lecture estim\u00e9e":"4 minutes"},"schema":{"@context":"https:\/\/schema.org","@graph":[{"@type":"Article","@id":"https:\/\/www.2em.ch\/blog\/vers-une-economie-decentralisee-quand-les-particuliers-reprennent-la-main\/#article","isPartOf":{"@id":"https:\/\/www.2em.ch\/blog\/vers-une-economie-decentralisee-quand-les-particuliers-reprennent-la-main\/"},"author":{"name":"Yannick Barras","@id":"https:\/\/www.2em.ch\/blog\/#\/schema\/person\/cf60d605212746d36579485fdeec6937"},"headline":"Vers une \u00e9conomie d\u00e9centralis\u00e9e : quand les particuliers reprennent la main","datePublished":"2025-03-31T14:07:13+00:00","dateModified":"2025-03-31T14:08:10+00:00","mainEntityOfPage":{"@id":"https:\/\/www.2em.ch\/blog\/vers-une-economie-decentralisee-quand-les-particuliers-reprennent-la-main\/"},"wordCount":768,"publisher":{"@id":"https:\/\/www.2em.ch\/blog\/#organization"},"articleSection":["2EM Lifestyle"],"inLanguage":"fr-FR"},{"@type":"WebPage","@id":"https:\/\/www.2em.ch\/blog\/vers-une-economie-decentralisee-quand-les-particuliers-reprennent-la-main\/","url":"https:\/\/www.2em.ch\/blog\/vers-une-economie-decentralisee-quand-les-particuliers-reprennent-la-main\/","name":"\u00c9conomie d\u00e9centralis\u00e9e | 2EM car sharing","isPartOf":{"@id":"https:\/\/www.2em.ch\/blog\/#website"},"datePublished":"2025-03-31T14:07:13+00:00","dateModified":"2025-03-31T14:08:10+00:00","description":"D\u00e9centralisation : le pouvoir de produire, de consommer, de partager et d\u2019\u00e9changer n'est plus uniquement l'apanage des grandes entreprises.","breadcrumb":{"@id":"https:\/\/www.2em.ch\/blog\/vers-une-economie-decentralisee-quand-les-particuliers-reprennent-la-main\/#breadcrumb"},"inLanguage":"fr-FR","potentialAction":[{"@type":"ReadAction","target":["https:\/\/www.2em.ch\/blog\/vers-une-economie-decentralisee-quand-les-particuliers-reprennent-la-main\/"]}]},{"@type":"BreadcrumbList","@id":"https:\/\/www.2em.ch\/blog\/vers-une-economie-decentralisee-quand-les-particuliers-reprennent-la-main\/#breadcrumb","itemListElement":[{"@type":"ListItem","position":1,"name":"Blog carsharing","item":"https:\/\/www.2em.ch\/blog\/"},{"@type":"ListItem","position":2,"name":"Vers une \u00e9conomie d\u00e9centralis\u00e9e : quand les particuliers reprennent la main"}]},{"@type":"WebSite","@id":"https:\/\/www.2em.ch\/blog\/#website","url":"https:\/\/www.2em.ch\/blog\/","name":"Blog","description":"Plateforme Suisse d&#039;autopartage","publisher":{"@id":"https:\/\/www.2em.ch\/blog\/#organization"},"potentialAction":[{"@type":"SearchAction","target":{"@type":"EntryPoint","urlTemplate":"https:\/\/www.2em.ch\/blog\/?s={search_term_string}"},"query-input":"required name=search_term_string"}],"inLanguage":"fr-FR"},{"@type":"Organization","@id":"https:\/\/www.2em.ch\/blog\/#organization","name":"Blog","url":"https:\/\/www.2em.ch\/blog\/","logo":{"@type":"ImageObject","inLanguage":"fr-FR","@id":"https:\/\/www.2em.ch\/blog\/#\/schema\/logo\/image\/","url":"https:\/\/www.2em.ch\/blog\/wp-content\/uploads\/2020\/04\/cropped-logo-e1570472900624.jpg","contentUrl":"https:\/\/www.2em.ch\/blog\/wp-content\/uploads\/2020\/04\/cropped-logo-e1570472900624.jpg","width":240,"height":64,"caption":"Blog"},"image":{"@id":"https:\/\/www.2em.ch\/blog\/#\/schema\/logo\/image\/"}},{"@type":"Person","@id":"https:\/\/www.2em.ch\/blog\/#\/schema\/person\/cf60d605212746d36579485fdeec6937","name":"Yannick Barras","image":{"@type":"ImageObject","inLanguage":"fr-FR","@id":"https:\/\/www.2em.ch\/blog\/#\/schema\/person\/image\/","url":"https:\/\/secure.gravatar.com\/avatar\/690f63f7978a19ad09deb4ddf7c1abc7?s=96&d=blank&r=g","contentUrl":"https:\/\/secure.gravatar.com\/avatar\/690f63f7978a19ad09deb4ddf7c1abc7?s=96&d=blank&r=g","caption":"Yannick Barras"}}]}},"_links":{"self":[{"href":"https:\/\/www.2em.ch\/blog\/wp-json\/wp\/v2\/posts\/1326"}],"collection":[{"href":"https:\/\/www.2em.ch\/blog\/wp-json\/wp\/v2\/posts"}],"about":[{"href":"https:\/\/www.2em.ch\/blog\/wp-json\/wp\/v2\/types\/post"}],"author":[{"embeddable":true,"href":"https:\/\/www.2em.ch\/blog\/wp-json\/wp\/v2\/users\/14"}],"replies":[{"embeddable":true,"href":"https:\/\/www.2em.ch\/blog\/wp-json\/wp\/v2\/comments?post=1326"}],"version-history":[{"count":3,"href":"https:\/\/www.2em.ch\/blog\/wp-json\/wp\/v2\/posts\/1326\/revisions"}],"predecessor-version":[{"id":1334,"href":"https:\/\/www.2em.ch\/blog\/wp-json\/wp\/v2\/posts\/1326\/revisions\/1334"}],"wp:featuredmedia":[{"embeddable":true,"href":"https:\/\/www.2em.ch\/blog\/wp-json\/wp\/v2\/media\/1331"}],"wp:attachment":[{"href":"https:\/\/www.2em.ch\/blog\/wp-json\/wp\/v2\/media?parent=1326"}],"wp:term":[{"taxonomy":"category","embeddable":true,"href":"https:\/\/www.2em.ch\/blog\/wp-json\/wp\/v2\/categories?post=1326"},{"taxonomy":"post_tag","embeddable":true,"href":"https:\/\/www.2em.ch\/blog\/wp-json\/wp\/v2\/tags?post=1326"}],"curies":[{"name":"wp","href":"https:\/\/api.w.org\/{rel}","templated":true}]}}