{"id":1274,"date":"2024-05-01T16:26:41","date_gmt":"2024-05-01T14:26:41","guid":{"rendered":"https:\/\/www.2em.ch\/blog\/?p=1274"},"modified":"2024-05-01T17:35:14","modified_gmt":"2024-05-01T15:35:14","slug":"les-cff-et-allianz-sengagent-pour-une-conduite-sans-souci-avec-la-mobilite-partagee-et-les-voitures-de-location","status":"publish","type":"post","link":"https:\/\/www.2em.ch\/blog\/les-cff-et-allianz-sengagent-pour-une-conduite-sans-souci-avec-la-mobilite-partagee-et-les-voitures-de-location\/","title":{"rendered":"Les CFF et Allianz s&rsquo;engagent pour une conduite sans souci avec la mobilit\u00e9 partag\u00e9e et les voitures de location"},"content":{"rendered":"<figure id=\"attachment_1275\" aria-describedby=\"caption-attachment-1275\" style=\"width: 940px\" class=\"wp-caption alignnone\"><img loading=\"lazy\" class=\"size-large wp-image-1275\" src=\"https:\/\/www.2em.ch\/blog\/wp-content\/uploads\/2024\/05\/CFF_Allianz-1024x540.jpeg\" alt=\"Femme vacances\" width=\"940\" height=\"496\" srcset=\"https:\/\/www.2em.ch\/blog\/wp-content\/uploads\/2024\/05\/CFF_Allianz-1024x540.jpeg 1024w, https:\/\/www.2em.ch\/blog\/wp-content\/uploads\/2024\/05\/CFF_Allianz-300x158.jpeg 300w, https:\/\/www.2em.ch\/blog\/wp-content\/uploads\/2024\/05\/CFF_Allianz-768x405.jpeg 768w, https:\/\/www.2em.ch\/blog\/wp-content\/uploads\/2024\/05\/CFF_Allianz-1536x811.jpeg 1536w, https:\/\/www.2em.ch\/blog\/wp-content\/uploads\/2024\/05\/CFF_Allianz-2048x1081.jpeg 2048w, https:\/\/www.2em.ch\/blog\/wp-content\/uploads\/2024\/05\/CFF_Allianz-1370x723.jpeg 1370w\" sizes=\"(max-width: 940px) 100vw, 940px\" \/><figcaption id=\"caption-attachment-1275\" class=\"wp-caption-text\">D\u00e9sormais, vous pouvez voyager sereinement en louant des v\u00e9hicules dans le monde entier sans aucune franchise.<\/figcaption><\/figure>\n<p>&nbsp;<\/p>\n<p>Les Chemins de fer f\u00e9d\u00e9raux suisses (CFF) ont lanc\u00e9 sur le march\u00e9, en collaboration avec Allianz, une assurance qui prend en charge, dans le monde entier, la franchise de l&rsquo;assurance casco et responsabilit\u00e9 civile lorsque vous vous d\u00e9placez avec une voiture partag\u00e9e ou de location.<\/p>\n<p>&nbsp;<\/p>\n<p>Ce produit innovant r\u00e9pond \u00e0 un besoin croissant dans un monde o\u00f9 de nouvelles formes de mobilit\u00e9 ne cessent d&rsquo;appara\u00eetre. Que vous utilisiez r\u00e9guli\u00e8rement le car sharing, la voiture de location, le bikesharing ou d&rsquo;autres v\u00e9hicules Shared Mobility, les CFF ont d\u00e9velopp\u00e9, en collaboration avec Allianz, une assurance qui r\u00e9pond exactement \u00e0 vos besoins.<\/p>\n<p>&nbsp;<\/p>\n<h2><strong>Ce qui rend cette assurance si unique ?<\/strong><\/h2>\n<p>D&rsquo;une part, elle est abordable, car elle ne co\u00fbte que CHF 120.00 par an pour les personnes seules et CHF 190.00 pour les familles et les couples. D&rsquo;autre part, elle offre une couverture d&rsquo;assurance dans le monde entier, c&rsquo;est-\u00e0-dire que vous n&rsquo;avez pas de franchise, que vous louiez une voiture en Floride, que vous utilisiez un v\u00e9hicule Shared Mobility quelque part en Europe ou chez nous en Suisse.<\/p>\n<p>&nbsp;<\/p>\n<h2>Les plateformes de mobilit\u00e9 partag\u00e9e n&rsquo;ont-elles pas d\u00e9j\u00e0 leur propre assurance ?<\/h2>\n<p>Oui, elles ont d\u00e9j\u00e0 leur propre assurance. Toutes les locations, comme par exemple chez 2EM, sont bien s\u00fbr enti\u00e8rement assur\u00e9es. Mais il y a toujours une franchise minimale \u00e0 payer en cas de sinistre. C&rsquo;est pr\u00e9cis\u00e9ment l\u00e0 qu&rsquo;intervient la nouvelle assurance de franchise pour Shared Mobility et les v\u00e9hicules de location. Avec cette offre, les CFF et Allianz font un grand pas vers plus de s\u00e9curit\u00e9 pour Shared Mobility et les voitures de location pour tous.<\/p>\n<p>&nbsp;<\/p>\n<p>Cette initiative de produit m\u00e9rite la reconnaissance de 2EM, car elle contribue \u00e0 promouvoir des moyens de transport plus durables et plus accessibles. Nous savons que la mobilit\u00e9 partag\u00e9e et la location de voitures permettent une utilisation plus efficace des ressources gr\u00e2ce au partage des v\u00e9hicules disponibles. Il encourage \u00e9galement l&rsquo;utilisation de v\u00e9hicules plus l\u00e9gers (par ex. scooters, v\u00e9los, trottinettes, etc.), moins polluants et moins encombrants pour les trajets courts. Enfin, la mobilit\u00e9 partag\u00e9e offre, avec les transports en commun, une solution de mobilit\u00e9 optimale &#8211; c&rsquo;est la combinaison de moyens de transport durables qui fait la diff\u00e9rence !<\/p>\n<p>Vous \u00eates int\u00e9ress\u00e9 ? Alors d\u00e9couvrez la nouvelle offre <a href=\"https:\/\/commerce.sbb.ch\/fr\/voyage\/assurances-de-voyage\/assurance-franchise-pour-vehicules-de-location.html\">ici<\/a>.<\/p>\n","protected":false},"excerpt":{"rendered":"<p>&nbsp; Les Chemins de fer f\u00e9d\u00e9raux suisses (CFF) ont lanc\u00e9 sur le march\u00e9, en collaboration avec Allianz, une assurance qui prend en charge, dans le monde entier, la franchise de&#8230;<\/p>\n","protected":false},"author":14,"featured_media":1275,"comment_status":"closed","ping_status":"closed","sticky":false,"template":"","format":"gallery","meta":[],"categories":[12],"tags":[],"yoast_head":"<!-- This site is optimized with the Yoast SEO plugin v19.9 - https:\/\/yoast.com\/wordpress\/plugins\/seo\/ -->\n<title>CFF et Allianz : assurance de mobilit\u00e9 partag\u00e9e - 2EM car sharing<\/title>\n<meta name=\"description\" content=\"Les CFF ont lanc\u00e9 sur le march\u00e9, en collaboration avec Allianz, une assurance mondiale pour la mobilit\u00e9 partag\u00e9e.\" \/>\n<meta name=\"robots\" content=\"index, follow, max-snippet:-1, max-image-preview:large, max-video-preview:-1\" \/>\n<link rel=\"canonical\" href=\"https:\/\/www.2em.ch\/blog\/les-cff-et-allianz-sengagent-pour-une-conduite-sans-souci-avec-la-mobilite-partagee-et-les-voitures-de-location\/\" \/>\n<meta property=\"og:locale\" content=\"fr_FR\" \/>\n<meta property=\"og:type\" content=\"article\" \/>\n<meta property=\"og:title\" content=\"Une assurance mondiale taill\u00e9e pour la mobilit\u00e9 partag\u00e9e !\" \/>\n<meta property=\"og:description\" content=\"Les CFF ont lanc\u00e9 sur le march\u00e9, en collaboration avec Allianz, une assurance mondiale pour la mobilit\u00e9 partag\u00e9e.\" \/>\n<meta property=\"og:url\" content=\"https:\/\/www.2em.ch\/blog\/les-cff-et-allianz-sengagent-pour-une-conduite-sans-souci-avec-la-mobilite-partagee-et-les-voitures-de-location\/\" \/>\n<meta property=\"og:site_name\" content=\"Blog\" \/>\n<meta property=\"article:published_time\" content=\"2024-05-01T14:26:41+00:00\" \/>\n<meta property=\"article:modified_time\" content=\"2024-05-01T15:35:14+00:00\" \/>\n<meta property=\"og:image\" content=\"https:\/\/www.2em.ch\/blog\/wp-content\/uploads\/2024\/05\/CFF_Allianz.jpeg\" \/>\n\t<meta property=\"og:image:width\" content=\"2300\" \/>\n\t<meta property=\"og:image:height\" content=\"1214\" \/>\n\t<meta property=\"og:image:type\" content=\"image\/jpeg\" \/>\n<meta name=\"author\" content=\"Yannick Barras\" \/>\n<meta name=\"twitter:card\" content=\"summary_large_image\" \/>\n<meta name=\"twitter:label1\" content=\"\u00c9crit par\" \/>\n\t<meta name=\"twitter:data1\" content=\"Yannick Barras\" \/>\n\t<meta name=\"twitter:label2\" content=\"Dur\u00e9e de lecture estim\u00e9e\" \/>\n\t<meta name=\"twitter:data2\" content=\"3 minutes\" \/>\n<script type=\"application\/ld+json\" class=\"yoast-schema-graph\">{\"@context\":\"https:\/\/schema.org\",\"@graph\":[{\"@type\":\"Article\",\"@id\":\"https:\/\/www.2em.ch\/blog\/les-cff-et-allianz-sengagent-pour-une-conduite-sans-souci-avec-la-mobilite-partagee-et-les-voitures-de-location\/#article\",\"isPartOf\":{\"@id\":\"https:\/\/www.2em.ch\/blog\/les-cff-et-allianz-sengagent-pour-une-conduite-sans-souci-avec-la-mobilite-partagee-et-les-voitures-de-location\/\"},\"author\":{\"name\":\"Yannick Barras\",\"@id\":\"https:\/\/www.2em.ch\/blog\/#\/schema\/person\/cf60d605212746d36579485fdeec6937\"},\"headline\":\"Les CFF et Allianz s&rsquo;engagent pour une conduite sans souci avec la mobilit\u00e9 partag\u00e9e et les voitures de location\",\"datePublished\":\"2024-05-01T14:26:41+00:00\",\"dateModified\":\"2024-05-01T15:35:14+00:00\",\"mainEntityOfPage\":{\"@id\":\"https:\/\/www.2em.ch\/blog\/les-cff-et-allianz-sengagent-pour-une-conduite-sans-souci-avec-la-mobilite-partagee-et-les-voitures-de-location\/\"},\"wordCount\":447,\"publisher\":{\"@id\":\"https:\/\/www.2em.ch\/blog\/#organization\"},\"articleSection\":[\"Bons plans\"],\"inLanguage\":\"fr-FR\"},{\"@type\":\"WebPage\",\"@id\":\"https:\/\/www.2em.ch\/blog\/les-cff-et-allianz-sengagent-pour-une-conduite-sans-souci-avec-la-mobilite-partagee-et-les-voitures-de-location\/\",\"url\":\"https:\/\/www.2em.ch\/blog\/les-cff-et-allianz-sengagent-pour-une-conduite-sans-souci-avec-la-mobilite-partagee-et-les-voitures-de-location\/\",\"name\":\"CFF et Allianz : assurance de mobilit\u00e9 partag\u00e9e - 2EM car sharing\",\"isPartOf\":{\"@id\":\"https:\/\/www.2em.ch\/blog\/#website\"},\"datePublished\":\"2024-05-01T14:26:41+00:00\",\"dateModified\":\"2024-05-01T15:35:14+00:00\",\"description\":\"Les CFF ont lanc\u00e9 sur le march\u00e9, en collaboration avec Allianz, une assurance mondiale pour la mobilit\u00e9 partag\u00e9e.\",\"breadcrumb\":{\"@id\":\"https:\/\/www.2em.ch\/blog\/les-cff-et-allianz-sengagent-pour-une-conduite-sans-souci-avec-la-mobilite-partagee-et-les-voitures-de-location\/#breadcrumb\"},\"inLanguage\":\"fr-FR\",\"potentialAction\":[{\"@type\":\"ReadAction\",\"target\":[\"https:\/\/www.2em.ch\/blog\/les-cff-et-allianz-sengagent-pour-une-conduite-sans-souci-avec-la-mobilite-partagee-et-les-voitures-de-location\/\"]}]},{\"@type\":\"BreadcrumbList\",\"@id\":\"https:\/\/www.2em.ch\/blog\/les-cff-et-allianz-sengagent-pour-une-conduite-sans-souci-avec-la-mobilite-partagee-et-les-voitures-de-location\/#breadcrumb\",\"itemListElement\":[{\"@type\":\"ListItem\",\"position\":1,\"name\":\"Blog carsharing\",\"item\":\"https:\/\/www.2em.ch\/blog\/\"},{\"@type\":\"ListItem\",\"position\":2,\"name\":\"Les CFF et Allianz s&rsquo;engagent pour une conduite sans souci avec la mobilit\u00e9 partag\u00e9e et les voitures de location\"}]},{\"@type\":\"WebSite\",\"@id\":\"https:\/\/www.2em.ch\/blog\/#website\",\"url\":\"https:\/\/www.2em.ch\/blog\/\",\"name\":\"Blog\",\"description\":\"Plateforme Suisse d&#039;autopartage\",\"publisher\":{\"@id\":\"https:\/\/www.2em.ch\/blog\/#organization\"},\"potentialAction\":[{\"@type\":\"SearchAction\",\"target\":{\"@type\":\"EntryPoint\",\"urlTemplate\":\"https:\/\/www.2em.ch\/blog\/?s={search_term_string}\"},\"query-input\":\"required name=search_term_string\"}],\"inLanguage\":\"fr-FR\"},{\"@type\":\"Organization\",\"@id\":\"https:\/\/www.2em.ch\/blog\/#organization\",\"name\":\"Blog\",\"url\":\"https:\/\/www.2em.ch\/blog\/\",\"logo\":{\"@type\":\"ImageObject\",\"inLanguage\":\"fr-FR\",\"@id\":\"https:\/\/www.2em.ch\/blog\/#\/schema\/logo\/image\/\",\"url\":\"https:\/\/www.2em.ch\/blog\/wp-content\/uploads\/2020\/04\/cropped-logo-e1570472900624.jpg\",\"contentUrl\":\"https:\/\/www.2em.ch\/blog\/wp-content\/uploads\/2020\/04\/cropped-logo-e1570472900624.jpg\",\"width\":240,\"height\":64,\"caption\":\"Blog\"},\"image\":{\"@id\":\"https:\/\/www.2em.ch\/blog\/#\/schema\/logo\/image\/\"}},{\"@type\":\"Person\",\"@id\":\"https:\/\/www.2em.ch\/blog\/#\/schema\/person\/cf60d605212746d36579485fdeec6937\",\"name\":\"Yannick Barras\",\"image\":{\"@type\":\"ImageObject\",\"inLanguage\":\"fr-FR\",\"@id\":\"https:\/\/www.2em.ch\/blog\/#\/schema\/person\/image\/\",\"url\":\"https:\/\/secure.gravatar.com\/avatar\/690f63f7978a19ad09deb4ddf7c1abc7?s=96&d=blank&r=g\",\"contentUrl\":\"https:\/\/secure.gravatar.com\/avatar\/690f63f7978a19ad09deb4ddf7c1abc7?s=96&d=blank&r=g\",\"caption\":\"Yannick Barras\"}}]}<\/script>\n<!-- \/ Yoast SEO plugin. -->","yoast_head_json":{"title":"CFF et Allianz : assurance de mobilit\u00e9 partag\u00e9e - 2EM car sharing","description":"Les CFF ont lanc\u00e9 sur le march\u00e9, en collaboration avec Allianz, une assurance mondiale pour la mobilit\u00e9 partag\u00e9e.","robots":{"index":"index","follow":"follow","max-snippet":"max-snippet:-1","max-image-preview":"max-image-preview:large","max-video-preview":"max-video-preview:-1"},"canonical":"https:\/\/www.2em.ch\/blog\/les-cff-et-allianz-sengagent-pour-une-conduite-sans-souci-avec-la-mobilite-partagee-et-les-voitures-de-location\/","og_locale":"fr_FR","og_type":"article","og_title":"Une assurance mondiale taill\u00e9e pour la mobilit\u00e9 partag\u00e9e !","og_description":"Les CFF ont lanc\u00e9 sur le march\u00e9, en collaboration avec Allianz, une assurance mondiale pour la mobilit\u00e9 partag\u00e9e.","og_url":"https:\/\/www.2em.ch\/blog\/les-cff-et-allianz-sengagent-pour-une-conduite-sans-souci-avec-la-mobilite-partagee-et-les-voitures-de-location\/","og_site_name":"Blog","article_published_time":"2024-05-01T14:26:41+00:00","article_modified_time":"2024-05-01T15:35:14+00:00","og_image":[{"width":2300,"height":1214,"url":"https:\/\/www.2em.ch\/blog\/wp-content\/uploads\/2024\/05\/CFF_Allianz.jpeg","type":"image\/jpeg"}],"author":"Yannick Barras","twitter_card":"summary_large_image","twitter_misc":{"\u00c9crit par":"Yannick Barras","Dur\u00e9e de lecture estim\u00e9e":"3 minutes"},"schema":{"@context":"https:\/\/schema.org","@graph":[{"@type":"Article","@id":"https:\/\/www.2em.ch\/blog\/les-cff-et-allianz-sengagent-pour-une-conduite-sans-souci-avec-la-mobilite-partagee-et-les-voitures-de-location\/#article","isPartOf":{"@id":"https:\/\/www.2em.ch\/blog\/les-cff-et-allianz-sengagent-pour-une-conduite-sans-souci-avec-la-mobilite-partagee-et-les-voitures-de-location\/"},"author":{"name":"Yannick Barras","@id":"https:\/\/www.2em.ch\/blog\/#\/schema\/person\/cf60d605212746d36579485fdeec6937"},"headline":"Les CFF et Allianz s&rsquo;engagent pour une conduite sans souci avec la mobilit\u00e9 partag\u00e9e et les voitures de location","datePublished":"2024-05-01T14:26:41+00:00","dateModified":"2024-05-01T15:35:14+00:00","mainEntityOfPage":{"@id":"https:\/\/www.2em.ch\/blog\/les-cff-et-allianz-sengagent-pour-une-conduite-sans-souci-avec-la-mobilite-partagee-et-les-voitures-de-location\/"},"wordCount":447,"publisher":{"@id":"https:\/\/www.2em.ch\/blog\/#organization"},"articleSection":["Bons plans"],"inLanguage":"fr-FR"},{"@type":"WebPage","@id":"https:\/\/www.2em.ch\/blog\/les-cff-et-allianz-sengagent-pour-une-conduite-sans-souci-avec-la-mobilite-partagee-et-les-voitures-de-location\/","url":"https:\/\/www.2em.ch\/blog\/les-cff-et-allianz-sengagent-pour-une-conduite-sans-souci-avec-la-mobilite-partagee-et-les-voitures-de-location\/","name":"CFF et Allianz : assurance de mobilit\u00e9 partag\u00e9e - 2EM car sharing","isPartOf":{"@id":"https:\/\/www.2em.ch\/blog\/#website"},"datePublished":"2024-05-01T14:26:41+00:00","dateModified":"2024-05-01T15:35:14+00:00","description":"Les CFF ont lanc\u00e9 sur le march\u00e9, en collaboration avec Allianz, une assurance mondiale pour la mobilit\u00e9 partag\u00e9e.","breadcrumb":{"@id":"https:\/\/www.2em.ch\/blog\/les-cff-et-allianz-sengagent-pour-une-conduite-sans-souci-avec-la-mobilite-partagee-et-les-voitures-de-location\/#breadcrumb"},"inLanguage":"fr-FR","potentialAction":[{"@type":"ReadAction","target":["https:\/\/www.2em.ch\/blog\/les-cff-et-allianz-sengagent-pour-une-conduite-sans-souci-avec-la-mobilite-partagee-et-les-voitures-de-location\/"]}]},{"@type":"BreadcrumbList","@id":"https:\/\/www.2em.ch\/blog\/les-cff-et-allianz-sengagent-pour-une-conduite-sans-souci-avec-la-mobilite-partagee-et-les-voitures-de-location\/#breadcrumb","itemListElement":[{"@type":"ListItem","position":1,"name":"Blog carsharing","item":"https:\/\/www.2em.ch\/blog\/"},{"@type":"ListItem","position":2,"name":"Les CFF et Allianz s&rsquo;engagent pour une conduite sans souci avec la mobilit\u00e9 partag\u00e9e et les voitures de location"}]},{"@type":"WebSite","@id":"https:\/\/www.2em.ch\/blog\/#website","url":"https:\/\/www.2em.ch\/blog\/","name":"Blog","description":"Plateforme Suisse d&#039;autopartage","publisher":{"@id":"https:\/\/www.2em.ch\/blog\/#organization"},"potentialAction":[{"@type":"SearchAction","target":{"@type":"EntryPoint","urlTemplate":"https:\/\/www.2em.ch\/blog\/?s={search_term_string}"},"query-input":"required name=search_term_string"}],"inLanguage":"fr-FR"},{"@type":"Organization","@id":"https:\/\/www.2em.ch\/blog\/#organization","name":"Blog","url":"https:\/\/www.2em.ch\/blog\/","logo":{"@type":"ImageObject","inLanguage":"fr-FR","@id":"https:\/\/www.2em.ch\/blog\/#\/schema\/logo\/image\/","url":"https:\/\/www.2em.ch\/blog\/wp-content\/uploads\/2020\/04\/cropped-logo-e1570472900624.jpg","contentUrl":"https:\/\/www.2em.ch\/blog\/wp-content\/uploads\/2020\/04\/cropped-logo-e1570472900624.jpg","width":240,"height":64,"caption":"Blog"},"image":{"@id":"https:\/\/www.2em.ch\/blog\/#\/schema\/logo\/image\/"}},{"@type":"Person","@id":"https:\/\/www.2em.ch\/blog\/#\/schema\/person\/cf60d605212746d36579485fdeec6937","name":"Yannick Barras","image":{"@type":"ImageObject","inLanguage":"fr-FR","@id":"https:\/\/www.2em.ch\/blog\/#\/schema\/person\/image\/","url":"https:\/\/secure.gravatar.com\/avatar\/690f63f7978a19ad09deb4ddf7c1abc7?s=96&d=blank&r=g","contentUrl":"https:\/\/secure.gravatar.com\/avatar\/690f63f7978a19ad09deb4ddf7c1abc7?s=96&d=blank&r=g","caption":"Yannick Barras"}}]}},"_links":{"self":[{"href":"https:\/\/www.2em.ch\/blog\/wp-json\/wp\/v2\/posts\/1274"}],"collection":[{"href":"https:\/\/www.2em.ch\/blog\/wp-json\/wp\/v2\/posts"}],"about":[{"href":"https:\/\/www.2em.ch\/blog\/wp-json\/wp\/v2\/types\/post"}],"author":[{"embeddable":true,"href":"https:\/\/www.2em.ch\/blog\/wp-json\/wp\/v2\/users\/14"}],"replies":[{"embeddable":true,"href":"https:\/\/www.2em.ch\/blog\/wp-json\/wp\/v2\/comments?post=1274"}],"version-history":[{"count":1,"href":"https:\/\/www.2em.ch\/blog\/wp-json\/wp\/v2\/posts\/1274\/revisions"}],"predecessor-version":[{"id":1279,"href":"https:\/\/www.2em.ch\/blog\/wp-json\/wp\/v2\/posts\/1274\/revisions\/1279"}],"wp:featuredmedia":[{"embeddable":true,"href":"https:\/\/www.2em.ch\/blog\/wp-json\/wp\/v2\/media\/1275"}],"wp:attachment":[{"href":"https:\/\/www.2em.ch\/blog\/wp-json\/wp\/v2\/media?parent=1274"}],"wp:term":[{"taxonomy":"category","embeddable":true,"href":"https:\/\/www.2em.ch\/blog\/wp-json\/wp\/v2\/categories?post=1274"},{"taxonomy":"post_tag","embeddable":true,"href":"https:\/\/www.2em.ch\/blog\/wp-json\/wp\/v2\/tags?post=1274"}],"curies":[{"name":"wp","href":"https:\/\/api.w.org\/{rel}","templated":true}]}}