{"id":1015,"date":"2022-02-05T12:02:20","date_gmt":"2022-02-05T11:02:20","guid":{"rendered":"https:\/\/www.2em.ch\/blog\/?p=1015"},"modified":"2022-02-05T12:02:20","modified_gmt":"2022-02-05T11:02:20","slug":"quelle-tesla-a-la-plus-grande-autonomie","status":"publish","type":"post","link":"https:\/\/www.2em.ch\/blog\/quelle-tesla-a-la-plus-grande-autonomie\/","title":{"rendered":"Quelle Tesla a la plus grande autonomie\u00a0?"},"content":{"rendered":"<p class=\"p1\">Si tu souhaites acheter un v\u00e9hicule \u00e9lectrique, l\u2019autonomie est un crit\u00e8re aussi important comme les fonctions propos\u00e9es ou encore le design. Si tu t\u2019int\u00e9resses aux voitures du constructeur am\u00e9ricain Tesla, tu d\u00e9couvriras dans cet article le mod\u00e8le le plus autonome.<span class=\"Apple-converted-space\">\u00a0<\/span><!--more--><\/p>\n<h2 class=\"p1\">Tesla Model S, la voiture avec la grande autonomie chez Tesla<span class=\"Apple-converted-space\">\u00a0<\/span><\/h2>\n<p class=\"p1\"><img loading=\"lazy\" class=\"alignnone wp-image-1016 size-full\" src=\"https:\/\/www.2em.ch\/blog\/wp-content\/uploads\/2022\/02\/taneli-lahtinen-tG5TwCXg0bw-unsplash.jpg\" alt=\"tesla model s\" width=\"640\" height=\"427\" srcset=\"https:\/\/www.2em.ch\/blog\/wp-content\/uploads\/2022\/02\/taneli-lahtinen-tG5TwCXg0bw-unsplash.jpg 640w, https:\/\/www.2em.ch\/blog\/wp-content\/uploads\/2022\/02\/taneli-lahtinen-tG5TwCXg0bw-unsplash-300x200.jpg 300w, https:\/\/www.2em.ch\/blog\/wp-content\/uploads\/2022\/02\/taneli-lahtinen-tG5TwCXg0bw-unsplash-500x333.jpg 500w\" sizes=\"(max-width: 640px) 100vw, 640px\" \/><\/p>\n<p class=\"p1\">Disponible \u00e0 ses d\u00e9buts avec des packs allant de 60 \u00e0 85 kWh, la <a href=\"https:\/\/www.2em.ch\/location-tesla-suisse\/s\">Tesla Model S<\/a> est maintenant commercialis\u00e9e dans deux nouveaux packs aux capacit\u00e9s exceptionnelles. La premi\u00e8re option propose une batterie d\u2019une capacit\u00e9 d\u2019environ 100 kWh et promet une autonomie de fonctionnement qui peut atteindre 652 km. Ce pack \u00e9quipe les versions Plaid et Grande Autonomie de cette voiture Tesla. Gr\u00e2ce \u00e0 la plateforme \u00e0 transmission int\u00e9grale Dual Motor, la version Grande Autonomie fournit une autonomie de pr\u00e8s de 652 km en plus d\u2019une acc\u00e9l\u00e9ration et d\u2019une puissance hors normes.<\/p>\n<p class=\"p1\">Cette voiture Tesla peut passer de 0 \u00e0 100 km\/h en seulement 3,2 secondes. Pour ce qui est de la Tesla Model S Plaid, elle se base la plateforme \u00e0 transmission int\u00e9grale avec syst\u00e8me de contr\u00f4le vectoriel du couple. Celui-ci s\u2019articulant autour de 3 moteurs ind\u00e9pendants \u00e9quip\u00e9s chacun d\u2019un rotor \u00e0 piste de carbone. Ce qui permet de maintenir la puissance de pic jusqu\u2019\u00e0 la vitesse maximale. Gr\u00e2ce \u00e0 ces caract\u00e9ristiques, la Tesla Model S Plaid d\u00e9livre une autonomie de 637 km avec une acc\u00e9l\u00e9ration de 0 \u00e0 100 km\/h en 2,1 secondes.<span class=\"Apple-converted-space\">\u00a0<\/span><\/p>\n<h2 class=\"p1\">Tesla Model S\u00a0: une recharge ultra-rapide<span class=\"Apple-converted-space\">\u00a0<\/span><\/h2>\n<p class=\"p1\"><img loading=\"lazy\" class=\"size-medium wp-image-1017 alignleft\" src=\"https:\/\/www.2em.ch\/blog\/wp-content\/uploads\/2022\/02\/matt-henry-1nVbppFJl-s-unsplash-300x200.jpg\" alt=\"tesla en suisse\" width=\"300\" height=\"200\" srcset=\"https:\/\/www.2em.ch\/blog\/wp-content\/uploads\/2022\/02\/matt-henry-1nVbppFJl-s-unsplash-300x200.jpg 300w, https:\/\/www.2em.ch\/blog\/wp-content\/uploads\/2022\/02\/matt-henry-1nVbppFJl-s-unsplash-500x333.jpg 500w, https:\/\/www.2em.ch\/blog\/wp-content\/uploads\/2022\/02\/matt-henry-1nVbppFJl-s-unsplash.jpg 640w\" sizes=\"(max-width: 300px) 100vw, 300px\" \/>Pour recharger ta Tesla Model S dans ses diff\u00e9rentes versions, tu peux profiter du r\u00e9seau de bornes de recharge ultra-rapide d\u00e9ploy\u00e9 par le constructeur am\u00e9ricain. Connus sous l\u2019appellation de Superchargeurs, ces dispositifs permettent de recharger ce mod\u00e8le de v\u00e9hicule \u00e9lectrique en un laps de temps tr\u00e8s court. Si \u00e9tait initialement gratuite, la charge d\u2019une Tesla Model S Grande Autonomie ou Plaid est maintenant factur\u00e9e. En Suisse par exemple, les frais de recharge s\u2019\u00e9l\u00e8vent \u00e0 0,35 francs par kWh.<span class=\"Apple-converted-space\">\u00a0<\/span><\/p>\n<p class=\"p1\">Il convient de souligner que Tesla a proc\u00e9d\u00e9 \u00e0 une mise \u00e0 jour de son syst\u00e8me. Dans cette optique, <a href=\"https:\/\/www.2em.ch\/blog\/savoir-lessentiel-sur-lhistoire-de-tesla\/\">la firme D\u2019Elon Musk<\/a> autorise jusqu\u2019\u00e0 250 kW de puissance dans le cadre de l\u2019usage des Superchargeurs de troisi\u00e8me g\u00e9n\u00e9ration. Sur les autres bornes de recharge, la puissance tol\u00e9r\u00e9e tourne autour de 145 kW.<\/p>\n","protected":false},"excerpt":{"rendered":"<p>Si tu souhaites acheter un v\u00e9hicule \u00e9lectrique, l\u2019autonomie est un crit\u00e8re aussi important comme les fonctions propos\u00e9es ou encore le design. Si tu t\u2019int\u00e9resses aux voitures du constructeur am\u00e9ricain Tesla,&#8230;<\/p>\n","protected":false},"author":11,"featured_media":1016,"comment_status":"closed","ping_status":"closed","sticky":false,"template":"","format":"gallery","meta":[],"categories":[109],"tags":[],"yoast_head":"<!-- This site is optimized with the Yoast SEO plugin v19.9 - https:\/\/yoast.com\/wordpress\/plugins\/seo\/ -->\n<title>Quelle Tesla a la plus grande autonomie\u00a0? - Blog<\/title>\n<meta name=\"robots\" content=\"index, follow, max-snippet:-1, max-image-preview:large, max-video-preview:-1\" \/>\n<link rel=\"canonical\" href=\"https:\/\/www.2em.ch\/blog\/quelle-tesla-a-la-plus-grande-autonomie\/\" \/>\n<meta property=\"og:locale\" content=\"fr_FR\" \/>\n<meta property=\"og:type\" content=\"article\" \/>\n<meta property=\"og:title\" content=\"Quelle Tesla a la plus grande autonomie\u00a0? - Blog\" \/>\n<meta property=\"og:description\" content=\"Si tu souhaites acheter un v\u00e9hicule \u00e9lectrique, l\u2019autonomie est un crit\u00e8re aussi important comme les fonctions propos\u00e9es ou encore le design. Si tu t\u2019int\u00e9resses aux voitures du constructeur am\u00e9ricain Tesla,...\" \/>\n<meta property=\"og:url\" content=\"https:\/\/www.2em.ch\/blog\/quelle-tesla-a-la-plus-grande-autonomie\/\" \/>\n<meta property=\"og:site_name\" content=\"Blog\" \/>\n<meta property=\"article:published_time\" content=\"2022-02-05T11:02:20+00:00\" \/>\n<meta property=\"og:image\" content=\"https:\/\/www.2em.ch\/blog\/wp-content\/uploads\/2022\/02\/taneli-lahtinen-tG5TwCXg0bw-unsplash.jpg\" \/>\n\t<meta property=\"og:image:width\" content=\"640\" \/>\n\t<meta property=\"og:image:height\" content=\"427\" \/>\n\t<meta property=\"og:image:type\" content=\"image\/jpeg\" \/>\n<meta name=\"author\" content=\"Michael\" \/>\n<meta name=\"twitter:card\" content=\"summary_large_image\" \/>\n<meta name=\"twitter:label1\" content=\"\u00c9crit par\" \/>\n\t<meta name=\"twitter:data1\" content=\"Michael\" \/>\n\t<meta name=\"twitter:label2\" content=\"Dur\u00e9e de lecture estim\u00e9e\" \/>\n\t<meta name=\"twitter:data2\" content=\"2 minutes\" \/>\n<script type=\"application\/ld+json\" class=\"yoast-schema-graph\">{\"@context\":\"https:\/\/schema.org\",\"@graph\":[{\"@type\":\"Article\",\"@id\":\"https:\/\/www.2em.ch\/blog\/quelle-tesla-a-la-plus-grande-autonomie\/#article\",\"isPartOf\":{\"@id\":\"https:\/\/www.2em.ch\/blog\/quelle-tesla-a-la-plus-grande-autonomie\/\"},\"author\":{\"name\":\"Michael\",\"@id\":\"https:\/\/www.2em.ch\/blog\/#\/schema\/person\/35abc3aa6d312e96aeab72169c4eb27a\"},\"headline\":\"Quelle Tesla a la plus grande autonomie\u00a0?\",\"datePublished\":\"2022-02-05T11:02:20+00:00\",\"dateModified\":\"2022-02-05T11:02:20+00:00\",\"mainEntityOfPage\":{\"@id\":\"https:\/\/www.2em.ch\/blog\/quelle-tesla-a-la-plus-grande-autonomie\/\"},\"wordCount\":409,\"publisher\":{\"@id\":\"https:\/\/www.2em.ch\/blog\/#organization\"},\"articleSection\":[\"Marques\"],\"inLanguage\":\"fr-FR\"},{\"@type\":\"WebPage\",\"@id\":\"https:\/\/www.2em.ch\/blog\/quelle-tesla-a-la-plus-grande-autonomie\/\",\"url\":\"https:\/\/www.2em.ch\/blog\/quelle-tesla-a-la-plus-grande-autonomie\/\",\"name\":\"Quelle Tesla a la plus grande autonomie\u00a0? - Blog\",\"isPartOf\":{\"@id\":\"https:\/\/www.2em.ch\/blog\/#website\"},\"datePublished\":\"2022-02-05T11:02:20+00:00\",\"dateModified\":\"2022-02-05T11:02:20+00:00\",\"breadcrumb\":{\"@id\":\"https:\/\/www.2em.ch\/blog\/quelle-tesla-a-la-plus-grande-autonomie\/#breadcrumb\"},\"inLanguage\":\"fr-FR\",\"potentialAction\":[{\"@type\":\"ReadAction\",\"target\":[\"https:\/\/www.2em.ch\/blog\/quelle-tesla-a-la-plus-grande-autonomie\/\"]}]},{\"@type\":\"BreadcrumbList\",\"@id\":\"https:\/\/www.2em.ch\/blog\/quelle-tesla-a-la-plus-grande-autonomie\/#breadcrumb\",\"itemListElement\":[{\"@type\":\"ListItem\",\"position\":1,\"name\":\"Blog carsharing\",\"item\":\"https:\/\/www.2em.ch\/blog\/\"},{\"@type\":\"ListItem\",\"position\":2,\"name\":\"Quelle Tesla a la plus grande autonomie\u00a0?\"}]},{\"@type\":\"WebSite\",\"@id\":\"https:\/\/www.2em.ch\/blog\/#website\",\"url\":\"https:\/\/www.2em.ch\/blog\/\",\"name\":\"Blog\",\"description\":\"Plateforme Suisse d&#039;autopartage\",\"publisher\":{\"@id\":\"https:\/\/www.2em.ch\/blog\/#organization\"},\"potentialAction\":[{\"@type\":\"SearchAction\",\"target\":{\"@type\":\"EntryPoint\",\"urlTemplate\":\"https:\/\/www.2em.ch\/blog\/?s={search_term_string}\"},\"query-input\":\"required name=search_term_string\"}],\"inLanguage\":\"fr-FR\"},{\"@type\":\"Organization\",\"@id\":\"https:\/\/www.2em.ch\/blog\/#organization\",\"name\":\"Blog\",\"url\":\"https:\/\/www.2em.ch\/blog\/\",\"logo\":{\"@type\":\"ImageObject\",\"inLanguage\":\"fr-FR\",\"@id\":\"https:\/\/www.2em.ch\/blog\/#\/schema\/logo\/image\/\",\"url\":\"https:\/\/www.2em.ch\/blog\/wp-content\/uploads\/2020\/04\/cropped-logo-e1570472900624.jpg\",\"contentUrl\":\"https:\/\/www.2em.ch\/blog\/wp-content\/uploads\/2020\/04\/cropped-logo-e1570472900624.jpg\",\"width\":240,\"height\":64,\"caption\":\"Blog\"},\"image\":{\"@id\":\"https:\/\/www.2em.ch\/blog\/#\/schema\/logo\/image\/\"}},{\"@type\":\"Person\",\"@id\":\"https:\/\/www.2em.ch\/blog\/#\/schema\/person\/35abc3aa6d312e96aeab72169c4eb27a\",\"name\":\"Michael\",\"image\":{\"@type\":\"ImageObject\",\"inLanguage\":\"fr-FR\",\"@id\":\"https:\/\/www.2em.ch\/blog\/#\/schema\/person\/image\/\",\"url\":\"https:\/\/secure.gravatar.com\/avatar\/6fd58b0a1b7c572811d490a8459e2403?s=96&d=blank&r=g\",\"contentUrl\":\"https:\/\/secure.gravatar.com\/avatar\/6fd58b0a1b7c572811d490a8459e2403?s=96&d=blank&r=g\",\"caption\":\"Michael\"}}]}<\/script>\n<!-- \/ Yoast SEO plugin. -->","yoast_head_json":{"title":"Quelle Tesla a la plus grande autonomie\u00a0? - Blog","robots":{"index":"index","follow":"follow","max-snippet":"max-snippet:-1","max-image-preview":"max-image-preview:large","max-video-preview":"max-video-preview:-1"},"canonical":"https:\/\/www.2em.ch\/blog\/quelle-tesla-a-la-plus-grande-autonomie\/","og_locale":"fr_FR","og_type":"article","og_title":"Quelle Tesla a la plus grande autonomie\u00a0? - Blog","og_description":"Si tu souhaites acheter un v\u00e9hicule \u00e9lectrique, l\u2019autonomie est un crit\u00e8re aussi important comme les fonctions propos\u00e9es ou encore le design. Si tu t\u2019int\u00e9resses aux voitures du constructeur am\u00e9ricain Tesla,...","og_url":"https:\/\/www.2em.ch\/blog\/quelle-tesla-a-la-plus-grande-autonomie\/","og_site_name":"Blog","article_published_time":"2022-02-05T11:02:20+00:00","og_image":[{"width":640,"height":427,"url":"https:\/\/www.2em.ch\/blog\/wp-content\/uploads\/2022\/02\/taneli-lahtinen-tG5TwCXg0bw-unsplash.jpg","type":"image\/jpeg"}],"author":"Michael","twitter_card":"summary_large_image","twitter_misc":{"\u00c9crit par":"Michael","Dur\u00e9e de lecture estim\u00e9e":"2 minutes"},"schema":{"@context":"https:\/\/schema.org","@graph":[{"@type":"Article","@id":"https:\/\/www.2em.ch\/blog\/quelle-tesla-a-la-plus-grande-autonomie\/#article","isPartOf":{"@id":"https:\/\/www.2em.ch\/blog\/quelle-tesla-a-la-plus-grande-autonomie\/"},"author":{"name":"Michael","@id":"https:\/\/www.2em.ch\/blog\/#\/schema\/person\/35abc3aa6d312e96aeab72169c4eb27a"},"headline":"Quelle Tesla a la plus grande autonomie\u00a0?","datePublished":"2022-02-05T11:02:20+00:00","dateModified":"2022-02-05T11:02:20+00:00","mainEntityOfPage":{"@id":"https:\/\/www.2em.ch\/blog\/quelle-tesla-a-la-plus-grande-autonomie\/"},"wordCount":409,"publisher":{"@id":"https:\/\/www.2em.ch\/blog\/#organization"},"articleSection":["Marques"],"inLanguage":"fr-FR"},{"@type":"WebPage","@id":"https:\/\/www.2em.ch\/blog\/quelle-tesla-a-la-plus-grande-autonomie\/","url":"https:\/\/www.2em.ch\/blog\/quelle-tesla-a-la-plus-grande-autonomie\/","name":"Quelle Tesla a la plus grande autonomie\u00a0? - Blog","isPartOf":{"@id":"https:\/\/www.2em.ch\/blog\/#website"},"datePublished":"2022-02-05T11:02:20+00:00","dateModified":"2022-02-05T11:02:20+00:00","breadcrumb":{"@id":"https:\/\/www.2em.ch\/blog\/quelle-tesla-a-la-plus-grande-autonomie\/#breadcrumb"},"inLanguage":"fr-FR","potentialAction":[{"@type":"ReadAction","target":["https:\/\/www.2em.ch\/blog\/quelle-tesla-a-la-plus-grande-autonomie\/"]}]},{"@type":"BreadcrumbList","@id":"https:\/\/www.2em.ch\/blog\/quelle-tesla-a-la-plus-grande-autonomie\/#breadcrumb","itemListElement":[{"@type":"ListItem","position":1,"name":"Blog carsharing","item":"https:\/\/www.2em.ch\/blog\/"},{"@type":"ListItem","position":2,"name":"Quelle Tesla a la plus grande autonomie\u00a0?"}]},{"@type":"WebSite","@id":"https:\/\/www.2em.ch\/blog\/#website","url":"https:\/\/www.2em.ch\/blog\/","name":"Blog","description":"Plateforme Suisse d&#039;autopartage","publisher":{"@id":"https:\/\/www.2em.ch\/blog\/#organization"},"potentialAction":[{"@type":"SearchAction","target":{"@type":"EntryPoint","urlTemplate":"https:\/\/www.2em.ch\/blog\/?s={search_term_string}"},"query-input":"required name=search_term_string"}],"inLanguage":"fr-FR"},{"@type":"Organization","@id":"https:\/\/www.2em.ch\/blog\/#organization","name":"Blog","url":"https:\/\/www.2em.ch\/blog\/","logo":{"@type":"ImageObject","inLanguage":"fr-FR","@id":"https:\/\/www.2em.ch\/blog\/#\/schema\/logo\/image\/","url":"https:\/\/www.2em.ch\/blog\/wp-content\/uploads\/2020\/04\/cropped-logo-e1570472900624.jpg","contentUrl":"https:\/\/www.2em.ch\/blog\/wp-content\/uploads\/2020\/04\/cropped-logo-e1570472900624.jpg","width":240,"height":64,"caption":"Blog"},"image":{"@id":"https:\/\/www.2em.ch\/blog\/#\/schema\/logo\/image\/"}},{"@type":"Person","@id":"https:\/\/www.2em.ch\/blog\/#\/schema\/person\/35abc3aa6d312e96aeab72169c4eb27a","name":"Michael","image":{"@type":"ImageObject","inLanguage":"fr-FR","@id":"https:\/\/www.2em.ch\/blog\/#\/schema\/person\/image\/","url":"https:\/\/secure.gravatar.com\/avatar\/6fd58b0a1b7c572811d490a8459e2403?s=96&d=blank&r=g","contentUrl":"https:\/\/secure.gravatar.com\/avatar\/6fd58b0a1b7c572811d490a8459e2403?s=96&d=blank&r=g","caption":"Michael"}}]}},"_links":{"self":[{"href":"https:\/\/www.2em.ch\/blog\/wp-json\/wp\/v2\/posts\/1015"}],"collection":[{"href":"https:\/\/www.2em.ch\/blog\/wp-json\/wp\/v2\/posts"}],"about":[{"href":"https:\/\/www.2em.ch\/blog\/wp-json\/wp\/v2\/types\/post"}],"author":[{"embeddable":true,"href":"https:\/\/www.2em.ch\/blog\/wp-json\/wp\/v2\/users\/11"}],"replies":[{"embeddable":true,"href":"https:\/\/www.2em.ch\/blog\/wp-json\/wp\/v2\/comments?post=1015"}],"version-history":[{"count":1,"href":"https:\/\/www.2em.ch\/blog\/wp-json\/wp\/v2\/posts\/1015\/revisions"}],"predecessor-version":[{"id":1018,"href":"https:\/\/www.2em.ch\/blog\/wp-json\/wp\/v2\/posts\/1015\/revisions\/1018"}],"wp:featuredmedia":[{"embeddable":true,"href":"https:\/\/www.2em.ch\/blog\/wp-json\/wp\/v2\/media\/1016"}],"wp:attachment":[{"href":"https:\/\/www.2em.ch\/blog\/wp-json\/wp\/v2\/media?parent=1015"}],"wp:term":[{"taxonomy":"category","embeddable":true,"href":"https:\/\/www.2em.ch\/blog\/wp-json\/wp\/v2\/categories?post=1015"},{"taxonomy":"post_tag","embeddable":true,"href":"https:\/\/www.2em.ch\/blog\/wp-json\/wp\/v2\/tags?post=1015"}],"curies":[{"name":"wp","href":"https:\/\/api.w.org\/{rel}","templated":true}]}}